{"id":155723,"date":"2016-10-03T20:11:29","date_gmt":"2016-10-03T18:11:29","guid":{"rendered":"http:\/\/www.fuldaer-nachrichten.de\/?p=155723"},"modified":"2016-10-03T20:11:29","modified_gmt":"2016-10-03T18:11:29","slug":"jagdausstellung-in-der-kirchenburg","status":"publish","type":"post","link":"https:\/\/www.fuldaernachrichten.de\/?p=155723","title":{"rendered":"Jagdausstellung in der Kirchenburg"},"content":{"rendered":"<p><a href=\"http:\/\/www.fuldaer-nachrichten.de\/wp-content\/uploads\/2016\/10\/Wildschwein_Jagdausstellung_Presse.jpg\"><img decoding=\"async\" class=\"alignleft size-thumbnail wp-image-155734\" src=\"http:\/\/www.fuldaer-nachrichten.de\/wp-content\/uploads\/2016\/10\/Wildschwein_Jagdausstellung_Presse-265x149.jpg\" alt=\"wildschwein_jagdausstellung_presse\" width=\"265\" height=\"149\" srcset=\"https:\/\/www.fuldaernachrichten.de\/wp-content\/uploads\/2016\/10\/Wildschwein_Jagdausstellung_Presse-265x149.jpg 265w, https:\/\/www.fuldaernachrichten.de\/wp-content\/uploads\/2016\/10\/Wildschwein_Jagdausstellung_Presse-768x432.jpg 768w, https:\/\/www.fuldaernachrichten.de\/wp-content\/uploads\/2016\/10\/Wildschwein_Jagdausstellung_Presse-600x337.jpg 600w, https:\/\/www.fuldaernachrichten.de\/wp-content\/uploads\/2016\/10\/Wildschwein_Jagdausstellung_Presse.jpg 900w\" sizes=\"(max-width: 265px) 100vw, 265px\" \/><\/a>Noch bis zum 31. Oktober ist in der Ostheimer Kirchhofschule die Jagdausstellung mit naturgetreuen Gem\u00e4lden des\u00c2\u00a0 K\u00fcnstlers Klaus-Peter Reif aus Suhl und fein ausgearbeiteten Werken des Ostheimer Graveurs Gerd Rausch zu bestaunen. Am Samstag, 15. Oktober, findet im Rahmen der Ausstellung eine gro\u00dfe Jagdhunde-Vorf\u00fchrung vor der Kulisse der Kirchenburg statt.<\/p>\n<p>Nur mit Kamera und Skizzenblock bewaffnet, macht sich der Maler Klaus-Peter Reif in freier Natur auf die Suche nach au\u00dfergew\u00f6hnlichen und bestaunenswerten Motiven \u2013 in heimischen Gefilden wie in fernen L\u00e4ndern. Anschlie\u00dfend bringt er das Beobachtete mithilfe von Tusche, \u00d6l und Acryl auf die Leinwand. Eine Auswahl seiner Werke ist noch bis zum 31. Oktober in der Ausstellung \u201eNaturgetreu getroffen\u201c im Museum Lebendige Kirchenburg in der Kirchhofschule zu sehen. \u201eWir sind froh, dass wir einen so renommierten K\u00fcnstler nach Ostheim locken konnten\u201c, freut sich Maritta Waldsachs, Vorstandsmitglied des Vereins der Freunde der Kirchenburg.<\/p>\n<p>Egal ob friedlich grasende Rehe auf einer saftig gr\u00fcnen, sonnenstrahlendurchzogenen Lichtung oder ein Wildschwein, dass einsam und wachsam durch einen kalten, verschneiten Wald stampft \u2013 Klaus-Peter Reif legt Wert darauf, seine Gem\u00e4lde so naturgetreu wie m\u00f6glich zu gestalten.<\/p>\n<p>Und das mit Erfolg: \u00dcber 40 B\u00fccher rund um die Themen Natur und Jagd hat der Suhler K\u00fcnstler bereits illustriert, seine Wandmalereien sind deutschlandweit gefragt. \u201eSogar Farmgeb\u00e4ude in S\u00fcdafrika durfte er bereits mit seiner Kunst verzieren\u201c, erkl\u00e4rt Ingrid Schmidt, die Organisatorin der Ausstellung. Fotografien von diesen Werken sowie Tierskizzen aus den von ihm illustrierten B\u00fcchern sind ebenfalls ausgestellt.<\/p>\n<p>Flankiert werden die Exponate von wertvollen St\u00fccken des Ostheimer Graveurs Gerd Rausch und seiner Tochter Eva. Der K\u00fcnstler, der zu den renommiertesten Experten seines Gebietes weltweilt z\u00e4hlt, stellt unter anderem fein gearbeitete Pistolengriffe, Gewehrschafte sowie Jagdmesser aber auch Waffenschilde und Platten mit detailreichen und anspruchsvollen Ornamenten her.<\/p>\n<p>Die Ausstellung in der Kirchhofschule in der Kirchenburg Ostheim v.d. Rh\u00f6n ist am Wochenende und Feiertagen von 14 bis 17 Uhr ge\u00f6ffnet. Am 15. Oktober findet als besonderer H\u00f6hepunkt eine gro\u00dfe Jagdhunde-Vorf\u00fchrung vor der Kirchenburg statt. Zudem gibt es den neuesten Wildtierkalender von Klaus-Peter Reif k\u00e4uflich zu erwerben. Info: www.lebendige-kirchenburg.de<\/p>\n","protected":false},"excerpt":{"rendered":"<div class=\"tmnf_excerpt\"><p>Noch bis zum 31. Oktober ist in der Ostheimer Kirchhofschule die Jagdausstellung mit naturgetreuen Gem\u00e4lden des\u00c2\u00a0 K\u00fcnstlers Klaus-Peter Reif aus Suhl und fein ausgearbeiteten Werken des Ostheimer Graveurs Gerd Rausch zu bestaunen. Am Samstag, 15. Oktober, findet im Rahmen der Ausstellung eine gro\u00dfe Jagdhunde-Vorf\u00fchrung vor der Kulisse der Kirchenburg statt. Nur mit Kamera und Skizzenblock &hellip;<\/p>\n<\/div>","protected":false},"author":1,"featured_media":155733,"comment_status":"closed","ping_status":"closed","sticky":false,"template":"","format":"standard","meta":{"footnotes":""},"categories":[1],"tags":[],"class_list":["post-155723","post","type-post","status-publish","format-standard","has-post-thumbnail","hentry","category-startseite"],"_links":{"self":[{"href":"https:\/\/www.fuldaernachrichten.de\/index.php?rest_route=\/wp\/v2\/posts\/155723","targetHints":{"allow":["GET"]}}],"collection":[{"href":"https:\/\/www.fuldaernachrichten.de\/index.php?rest_route=\/wp\/v2\/posts"}],"about":[{"href":"https:\/\/www.fuldaernachrichten.de\/index.php?rest_route=\/wp\/v2\/types\/post"}],"author":[{"embeddable":true,"href":"https:\/\/www.fuldaernachrichten.de\/index.php?rest_route=\/wp\/v2\/users\/1"}],"replies":[{"embeddable":true,"href":"https:\/\/www.fuldaernachrichten.de\/index.php?rest_route=%2Fwp%2Fv2%2Fcomments&post=155723"}],"version-history":[{"count":1,"href":"https:\/\/www.fuldaernachrichten.de\/index.php?rest_route=\/wp\/v2\/posts\/155723\/revisions"}],"predecessor-version":[{"id":155735,"href":"https:\/\/www.fuldaernachrichten.de\/index.php?rest_route=\/wp\/v2\/posts\/155723\/revisions\/155735"}],"wp:featuredmedia":[{"embeddable":true,"href":"https:\/\/www.fuldaernachrichten.de\/index.php?rest_route=\/wp\/v2\/media\/155733"}],"wp:attachment":[{"href":"https:\/\/www.fuldaernachrichten.de\/index.php?rest_route=%2Fwp%2Fv2%2Fmedia&parent=155723"}],"wp:term":[{"taxonomy":"category","embeddable":true,"href":"https:\/\/www.fuldaernachrichten.de\/index.php?rest_route=%2Fwp%2Fv2%2Fcategories&post=155723"},{"taxonomy":"post_tag","embeddable":true,"href":"https:\/\/www.fuldaernachrichten.de\/index.php?rest_route=%2Fwp%2Fv2%2Ftags&post=155723"}],"curies":[{"name":"wp","href":"https:\/\/api.w.org\/{rel}","templated":true}]}}