{"id":155719,"date":"2016-10-03T20:10:10","date_gmt":"2016-10-03T18:10:10","guid":{"rendered":"http:\/\/www.fuldaer-nachrichten.de\/?p=155719"},"modified":"2016-10-03T20:10:10","modified_gmt":"2016-10-03T18:10:10","slug":"gesamte-schuelerschaft-mit-erfolgreicher-altenpflege-examenspruefung","status":"publish","type":"post","link":"https:\/\/www.fuldaernachrichten.de\/?p=155719","title":{"rendered":"Gesamte Sch\u00fclerschaft mit erfolgreicher Altenpflege-Examenspr\u00fcfung"},"content":{"rendered":"<p>Der Nieselregen begann erst nach dem Fototermin: Alle 31 Altenpflegesch\u00fclerinnen und -sch\u00fcler des Ausbildungsjahrgangs 2013-16 pr\u00e4sentierten sich daher gerne gemeinsam mit dem Dozentinnenteam sowie Schulleiterin Dajana Herbst und Altenhilfe-Ressortleiter Achim Eng (beide rechts im Bild) vor dem Schulgeb\u00e4ude, bevor es an den Festakt mit Zeugnisvergabe und dem anschlie\u00dfenden Empfang ging. Schulleiterin Herbst betonte in ihrer Ansprache, dass der Jahrgang der erste sei, der nach dem neuen Pflegebegriff gepr\u00fcft wurde. Vieles im Curriculum der drei Ausbildungsjahre sei daher neu gewesen, umso froher und stolzer sei sie jetzt, dass der gesamte Jahrgang die Pr\u00fcfungen mit Bravour bestanden h\u00e4tte \u2013 die Sch\u00fclerin Kathrin Schlecht sogar durchweg mit einer glatten Eins. Dajana Herbst bedankte sich\u00c2\u00a0 bei allen an der Ausbildung Beteiligten und gratulierte den frisch gek\u00fcrten examinierten Altenpflegerinnen und Altenpflegern.<br \/>\nAuch Caritas-Ressortleiter Achim Eng gratulierte herzlich und richtete der Festgemeinde auch die besten W\u00fcnsche und Gr\u00fc\u00dfe von Di\u00f6zesan-Caritasdirektor Dr. Markus Juch aus, der durch andere Termine leider verhindert war. Eng appellierte an die Examinierten, sich \u00fcber die berufliche T\u00e4tigkeit hinaus auch unter gesellschaftlichen Aspekten f\u00fcr das Thema Pflege zu interessieren und einzusetzen. Auch die Caritas sei durch ihre spitzenverbandliche Arbeit in dieser Hinsicht engagiert, den Pflegeberuf im n\u00f6tigen Ma\u00dfe sozialpolitisch weiter zu st\u00e4rken.<\/p>\n<p>Kursleiterin Waltraud R\u00f6hl-Pfingsten betonte im \u00e4hnlichen Sinne, als Examinierte seien alle Absolventinnen und Absolventen die wahren Pflegeexperten, die sich \u00e4u\u00dfern m\u00fcssten, wenn \u2013 wo auch immer \u2013 Verbesserungen n\u00f6tig seien. Als letzte Rednerin vor der feierlichen Zeugnisvergabe sprach f\u00fcr die Sch\u00fclerinnen und Sch\u00fcler Klassensprecherin Laura Fl\u00fcgel, die das gewachsene positive Jahrgangsklima betonte und sich im Namen aller Mitsch\u00fclerinnen und Mitsch\u00fcler beim Ausbildungsteam f\u00fcr die Begleitung durch drei Lehrjahre bedankte.<\/p>\n","protected":false},"excerpt":{"rendered":"<div class=\"tmnf_excerpt\"><p>Der Nieselregen begann erst nach dem Fototermin: Alle 31 Altenpflegesch\u00fclerinnen und -sch\u00fcler des Ausbildungsjahrgangs 2013-16 pr\u00e4sentierten sich daher gerne gemeinsam mit dem Dozentinnenteam sowie Schulleiterin Dajana Herbst und Altenhilfe-Ressortleiter Achim Eng (beide rechts im Bild) vor dem Schulgeb\u00e4ude, bevor es an den Festakt mit Zeugnisvergabe und dem anschlie\u00dfenden Empfang ging. Schulleiterin Herbst betonte in ihrer &hellip;<\/p>\n<\/div>","protected":false},"author":1,"featured_media":155726,"comment_status":"closed","ping_status":"closed","sticky":false,"template":"","format":"standard","meta":{"footnotes":""},"categories":[1],"tags":[],"class_list":["post-155719","post","type-post","status-publish","format-standard","has-post-thumbnail","hentry","category-startseite"],"_links":{"self":[{"href":"https:\/\/www.fuldaernachrichten.de\/index.php?rest_route=\/wp\/v2\/posts\/155719","targetHints":{"allow":["GET"]}}],"collection":[{"href":"https:\/\/www.fuldaernachrichten.de\/index.php?rest_route=\/wp\/v2\/posts"}],"about":[{"href":"https:\/\/www.fuldaernachrichten.de\/index.php?rest_route=\/wp\/v2\/types\/post"}],"author":[{"embeddable":true,"href":"https:\/\/www.fuldaernachrichten.de\/index.php?rest_route=\/wp\/v2\/users\/1"}],"replies":[{"embeddable":true,"href":"https:\/\/www.fuldaernachrichten.de\/index.php?rest_route=%2Fwp%2Fv2%2Fcomments&post=155719"}],"version-history":[{"count":1,"href":"https:\/\/www.fuldaernachrichten.de\/index.php?rest_route=\/wp\/v2\/posts\/155719\/revisions"}],"predecessor-version":[{"id":155729,"href":"https:\/\/www.fuldaernachrichten.de\/index.php?rest_route=\/wp\/v2\/posts\/155719\/revisions\/155729"}],"wp:featuredmedia":[{"embeddable":true,"href":"https:\/\/www.fuldaernachrichten.de\/index.php?rest_route=\/wp\/v2\/media\/155726"}],"wp:attachment":[{"href":"https:\/\/www.fuldaernachrichten.de\/index.php?rest_route=%2Fwp%2Fv2%2Fmedia&parent=155719"}],"wp:term":[{"taxonomy":"category","embeddable":true,"href":"https:\/\/www.fuldaernachrichten.de\/index.php?rest_route=%2Fwp%2Fv2%2Fcategories&post=155719"},{"taxonomy":"post_tag","embeddable":true,"href":"https:\/\/www.fuldaernachrichten.de\/index.php?rest_route=%2Fwp%2Fv2%2Ftags&post=155719"}],"curies":[{"name":"wp","href":"https:\/\/api.w.org\/{rel}","templated":true}]}}