{"id":155717,"date":"2016-10-03T20:09:20","date_gmt":"2016-10-03T18:09:20","guid":{"rendered":"http:\/\/www.fuldaer-nachrichten.de\/?p=155717"},"modified":"2016-10-03T20:09:20","modified_gmt":"2016-10-03T18:09:20","slug":"freie-plaetze-bei-fahrten-des-jugendbildungswerks-am-22-oktober-zur-frankfurter-buchmesse-und-am-26-oktober-in-die-welt-des-weissen-goldes-nach-merkers-und-bad-salzungen","status":"publish","type":"post","link":"https:\/\/www.fuldaernachrichten.de\/?p=155717","title":{"rendered":"Freie Pl\u00e4tze bei Fahrten des Jugendbildungswerks am 22. Oktober zur Frankfurter Buchmesse und am 26. Oktober in die Welt des wei\u00dfen Goldes nach Merkers und Bad Salzungen"},"content":{"rendered":"<p>Das Jugendbildungswerk des Landkreises Fulda hat noch freie Pl\u00e4tze bei den Fahrten zur Frankfurter Buchmesse sowie zum Erlebnisbergwerk in Merkers und zum Gradierwerk in Bad Salzungen. Die Fahrt nach Frankfurt findet am Samstag, 22. Oktober, statt, richtet sich an 14- bis 18-J\u00e4hrige und kostet einschlie\u00dflich Eintritt 15 Euro. In der zweiten Woche der Herbstferien sind am Mittwoch, 26. Oktober, alle interessierten 10- bis 14-J\u00e4hrigen zu einer Exkursion in die Welt des wei\u00dfen Goldes nach Merkers und Bad Salzungen eingeladen. Auch hier betr\u00e4gt die Teilnahmegeb\u00fchr einschlie\u00dflich Fahrtkosten und Eintritt 15 Euro. Information und Anmeldung f\u00fcr beide Fahrten beim Fachdienst, Jugend, Familie, Sport, Ehrenamt der Kreisverwaltung unter Telefon (0661)6006-498 oder E-Mail jugend@landkreis-fulda.de.<\/p>\n","protected":false},"excerpt":{"rendered":"<div class=\"tmnf_excerpt\"><p>Das Jugendbildungswerk des Landkreises Fulda hat noch freie Pl\u00e4tze bei den Fahrten zur Frankfurter Buchmesse sowie zum Erlebnisbergwerk in Merkers und zum Gradierwerk in Bad Salzungen. Die Fahrt nach Frankfurt findet am Samstag, 22. Oktober, statt, richtet sich an 14- bis 18-J\u00e4hrige und kostet einschlie\u00dflich Eintritt 15 Euro. In der zweiten Woche der Herbstferien sind &hellip;<\/p>\n<\/div>","protected":false},"author":1,"featured_media":0,"comment_status":"closed","ping_status":"closed","sticky":false,"template":"","format":"standard","meta":{"footnotes":""},"categories":[1],"tags":[],"class_list":["post-155717","post","type-post","status-publish","format-standard","hentry","category-startseite"],"_links":{"self":[{"href":"https:\/\/www.fuldaernachrichten.de\/index.php?rest_route=\/wp\/v2\/posts\/155717","targetHints":{"allow":["GET"]}}],"collection":[{"href":"https:\/\/www.fuldaernachrichten.de\/index.php?rest_route=\/wp\/v2\/posts"}],"about":[{"href":"https:\/\/www.fuldaernachrichten.de\/index.php?rest_route=\/wp\/v2\/types\/post"}],"author":[{"embeddable":true,"href":"https:\/\/www.fuldaernachrichten.de\/index.php?rest_route=\/wp\/v2\/users\/1"}],"replies":[{"embeddable":true,"href":"https:\/\/www.fuldaernachrichten.de\/index.php?rest_route=%2Fwp%2Fv2%2Fcomments&post=155717"}],"version-history":[{"count":1,"href":"https:\/\/www.fuldaernachrichten.de\/index.php?rest_route=\/wp\/v2\/posts\/155717\/revisions"}],"predecessor-version":[{"id":155722,"href":"https:\/\/www.fuldaernachrichten.de\/index.php?rest_route=\/wp\/v2\/posts\/155717\/revisions\/155722"}],"wp:attachment":[{"href":"https:\/\/www.fuldaernachrichten.de\/index.php?rest_route=%2Fwp%2Fv2%2Fmedia&parent=155717"}],"wp:term":[{"taxonomy":"category","embeddable":true,"href":"https:\/\/www.fuldaernachrichten.de\/index.php?rest_route=%2Fwp%2Fv2%2Fcategories&post=155717"},{"taxonomy":"post_tag","embeddable":true,"href":"https:\/\/www.fuldaernachrichten.de\/index.php?rest_route=%2Fwp%2Fv2%2Ftags&post=155717"}],"curies":[{"name":"wp","href":"https:\/\/api.w.org\/{rel}","templated":true}]}}