{"id":155716,"date":"2016-10-03T20:09:13","date_gmt":"2016-10-03T18:09:13","guid":{"rendered":"http:\/\/www.fuldaer-nachrichten.de\/?p=155716"},"modified":"2016-10-03T20:09:13","modified_gmt":"2016-10-03T18:09:13","slug":"drei-rs-azubis-sind-jahrgangsbeste-in-ihrem-berufsfeld","status":"publish","type":"post","link":"https:\/\/www.fuldaernachrichten.de\/?p=155716","title":{"rendered":"Drei R+S-Azubis sind Jahrgangsbeste in ihrem Berufsfeld"},"content":{"rendered":"<p>Elektroniker f\u00fcr Betriebstechnik, Technischer Systemplaner f\u00fcr elektrotechnische Systeme oder Kaufleute f\u00fcr B\u00fcromanagement \u2013 dies sind nur drei der insgesamt 14 verschiedenen Ausbildungsberufe, die bei der R+S Gruppe erlernt werden k\u00f6nnen. Mit au\u00dferordentlichem Erfolg haben dies Michelle Kolb, Ramona Wiegand und Thomas Lange getan: Als Jahrgangsbeste haben sie in diesem Jahr ihre Ausbildungen in der Fuldaer Unternehmensgruppe abgeschlossen und sind von der Industrie- und Handelskammer (IHK) Fulda anl\u00e4sslich der Lehrabschlussfeier als Pr\u00e4dikatspr\u00fcflinge ausgezeichnet worden.<\/p>\n<p>Michelle Kolb, 20 Jahre alt aus Thaiden, hat sich f\u00fcr eine Ausbildung als Technische Systemplanerin f\u00fcr elektrotechnische Systeme entschieden: \u201eNicht gerade ein klassischer Frauenberuf, aber ich glaube, ich habe bewiesen, dass es genau das Richtige f\u00fcr mich ist.\u201c \u00c4hnlich geht es auch Thomas Lange, f\u00fcr den die Ausbildung zum Elektroniker f\u00fcr Betriebstechnik einen kompletten Neuanfang dargestellt hat: Trotz Diplom und Master im Bereich Ern\u00e4hrung und Gesundheit hat der 45-j\u00e4hrige Familienvater keinen passenden Job in der Region gefunden. Daraufhin hat er sich dazu entschieden, sein Hobby, die Elektronik, zum Beruf zu machen: \u201eDie Chancen am Arbeitsmarkt sind in dieser Branche sehr gut, und auch die Weiterbildungs- und Aufstiegsm\u00f6glichkeiten in der R+S-Gruppe sprechen f\u00fcr sich.\u201c Schon im Januar wird er seine Expertise um einen zus\u00e4tzlichen Baustein erg\u00e4nzen und die Ausbildung zum Technischen Zeichner starten. Die dritte im Bunde der R+S-Jahrgangsbesten ist Ramona Wiegand aus N\u00fcsttal. Sie ist frisch gebackene Kauffrau f\u00fcr B\u00fcromanagement und hat im Laufe ihrer Ausbildung stets mit guten Noten gepunktet.<\/p>\n<p>\u201eAlle drei Auszubildenden haben neben ihren hervorragenden Pr\u00fcfungsergebnissen auch besonderes Engagement, Motivation und Lernbereitschaft gezeigt\u201c, betont Christopher Krause vom Ausbildungsteam der R+S-Gruppe. \u201eEigenschaften, die man als Auszubildender mitbringen sollte, egal welchen Beruf man erlernt.\u201c Die drei Jahrgangsbesten sind nun direkt in eine unbefristete Festanstellung bei der R+S-Gruppe \u00fcbernommen worden \u2013 und neben ihnen noch weitere rund 80 junge Menschen, die in diesem Jahr ihre Ausbildung abgeschlossen haben. Mindestens genauso stolz wie die Pr\u00e4dikatspr\u00fcflinge selbst ist auch R+S-Personalvorstand Susanne Hahn: \u201eDass wir in diesem Jahr gleich drei Auszubildende haben, die zu den Besten in ihrem Jahrgang z\u00e4hlen, macht uns sehr stolz und ist ein Zeichen daf\u00fcr, dass unsere Ausbildung auf einem sehr hohen Niveau erfolgt.\u201c<\/p>\n","protected":false},"excerpt":{"rendered":"<div class=\"tmnf_excerpt\"><p>Elektroniker f\u00fcr Betriebstechnik, Technischer Systemplaner f\u00fcr elektrotechnische Systeme oder Kaufleute f\u00fcr B\u00fcromanagement \u2013 dies sind nur drei der insgesamt 14 verschiedenen Ausbildungsberufe, die bei der R+S Gruppe erlernt werden k\u00f6nnen. Mit au\u00dferordentlichem Erfolg haben dies Michelle Kolb, Ramona Wiegand und Thomas Lange getan: Als Jahrgangsbeste haben sie in diesem Jahr ihre Ausbildungen in der Fuldaer &hellip;<\/p>\n<\/div>","protected":false},"author":1,"featured_media":155720,"comment_status":"closed","ping_status":"closed","sticky":false,"template":"","format":"standard","meta":{"footnotes":""},"categories":[1],"tags":[],"class_list":["post-155716","post","type-post","status-publish","format-standard","has-post-thumbnail","hentry","category-startseite"],"_links":{"self":[{"href":"https:\/\/www.fuldaernachrichten.de\/index.php?rest_route=\/wp\/v2\/posts\/155716","targetHints":{"allow":["GET"]}}],"collection":[{"href":"https:\/\/www.fuldaernachrichten.de\/index.php?rest_route=\/wp\/v2\/posts"}],"about":[{"href":"https:\/\/www.fuldaernachrichten.de\/index.php?rest_route=\/wp\/v2\/types\/post"}],"author":[{"embeddable":true,"href":"https:\/\/www.fuldaernachrichten.de\/index.php?rest_route=\/wp\/v2\/users\/1"}],"replies":[{"embeddable":true,"href":"https:\/\/www.fuldaernachrichten.de\/index.php?rest_route=%2Fwp%2Fv2%2Fcomments&post=155716"}],"version-history":[{"count":1,"href":"https:\/\/www.fuldaernachrichten.de\/index.php?rest_route=\/wp\/v2\/posts\/155716\/revisions"}],"predecessor-version":[{"id":155721,"href":"https:\/\/www.fuldaernachrichten.de\/index.php?rest_route=\/wp\/v2\/posts\/155716\/revisions\/155721"}],"wp:featuredmedia":[{"embeddable":true,"href":"https:\/\/www.fuldaernachrichten.de\/index.php?rest_route=\/wp\/v2\/media\/155720"}],"wp:attachment":[{"href":"https:\/\/www.fuldaernachrichten.de\/index.php?rest_route=%2Fwp%2Fv2%2Fmedia&parent=155716"}],"wp:term":[{"taxonomy":"category","embeddable":true,"href":"https:\/\/www.fuldaernachrichten.de\/index.php?rest_route=%2Fwp%2Fv2%2Fcategories&post=155716"},{"taxonomy":"post_tag","embeddable":true,"href":"https:\/\/www.fuldaernachrichten.de\/index.php?rest_route=%2Fwp%2Fv2%2Ftags&post=155716"}],"curies":[{"name":"wp","href":"https:\/\/api.w.org\/{rel}","templated":true}]}}