{"id":155437,"date":"2016-09-23T13:59:33","date_gmt":"2016-09-23T11:59:33","guid":{"rendered":"http:\/\/www.fuldaer-nachrichten.de\/?p=155437"},"modified":"2016-09-23T13:59:33","modified_gmt":"2016-09-23T11:59:33","slug":"liobawoche-in-petersberg-am-28-september-wallfahrtstag","status":"publish","type":"post","link":"https:\/\/www.fuldaernachrichten.de\/?p=155437","title":{"rendered":"Liobawoche in Petersberg &#8211; Am 28.\u00c2\u00a0September Wallfahrtstag"},"content":{"rendered":"<p>Vom 25. September bis 2.\u00c2\u00a0Oktober findet in Petersberg wieder die traditionelle Liobawoche statt. Den Auftakt bildet am Sonntag, 25.\u00c2\u00a0September, um 10.30 Uhr ein feierlicher Er\u00f6ffnungsgottesdienst in der Rabanus-Maurus-Kirche mit Generalvikar Prof. Dr. Gerhard Stanke. Um 17 Uhr ist eine feierliche Liobavesper.<\/p>\n<p>W\u00e4hrend der Woche ist in der Liobakirche t\u00e4glich um 9 Uhr ein Wallfahrtsamt und au\u00dfer Mittwoch um 15 Uhr eine Liobaandacht (Samstag 15.30 Uhr). Nach allen Messfeiern und Andachten wird die Liobareliquie aufgelegt. Kollekten und Spenden w\u00e4hrend der Festwoche werden f\u00fcr die Missionsarbeit der Liobaschwestern in Indien erbeten. Am Dienstag, 27.\u00c2\u00a0September, findet um 21 Uhr ein Evensong mit dem Kirchenchor St. Lioba statt. Am Mittwoch, 28.\u00c2\u00a0September, dem Festtag der heiligen Lioba, wird um 11 Uhr ein Gottesdienst der Kinderg\u00e4rten gefeiert. Am Nachmittag wird der traditionelle \u201eWallfahrtstag der Frauen\u201c mit Gottesdienst und Vortragsveranstaltung begangen. Das Wallfahrtsamt um 14.30 Uhr wird Abt em. Stephan Schr\u00f6er OSB (K\u00f6nigsm\u00fcnster) feiern. Daran schlie\u00dft sich eine gemeinsame Kaffeetafel mit Vortragsveranstaltung im Propsteihaus an. Den dortigen Festvortrag h\u00e4lt Sr. Dr. Lea Ackermann, Gr\u00fcnderin von Solidarity with women in distress e. V. Am Donnerstag, 29. September, wird um 20 Uhr ein Lobpreisabend mit \u201eFelsenfest\u201c gefeiert.<\/p>\n<p>Am Freitag, 30.\u00c2\u00a0September, findet um 19 Uhr eine Lichterprozession des Pfarrverbundes St. Lioba von der Rabanus-Maurus-Kirche zur Liobakirche mit anschlie\u00dfender Abendmesse statt. Darauf folgt gegen 20.15 Uhr ein \u201eTalk am Dom spezial\u201c in der Liobakirche mit Sr. Dr. Eoliba Greinemann OSB und Moderator Klaus Depta statt. Am Samstag, 1.\u00c2\u00a0Oktober, gibt es um 17 Uhr ein Wallfahrtsamt der Jugend in der Rabanus-Maurus-Kirche. Bereits um 13.30 Uhr beginnt der Kinder- und Familientag im Fl\u00fce-Haus. Am Sonntag, 2.\u00c2\u00a0Oktober, wird um 7.45 Uhr eine Fr\u00fchmesse gefeiert. Daran schlie\u00dft sich um 9 Uhr ein Hochamt in der Liobakirche an. Um 10.30 Uhr findet ein Familiengottesdienst mit Liobaspiel des Kindergartens St. Peter in der Rabanus-Maurus-Kirche statt. Um 14 Uhr ist eine Reliquienprozession von der Rabanus-Maurus-Kirche zur Liobakirche mit anschlie\u00dfender Abschlussandacht vorgesehen.<\/p>\n","protected":false},"excerpt":{"rendered":"<div class=\"tmnf_excerpt\"><p>Vom 25. September bis 2.\u00c2\u00a0Oktober findet in Petersberg wieder die traditionelle Liobawoche statt. Den Auftakt bildet am Sonntag, 25.\u00c2\u00a0September, um 10.30 Uhr ein feierlicher Er\u00f6ffnungsgottesdienst in der Rabanus-Maurus-Kirche mit Generalvikar Prof. Dr. Gerhard Stanke. Um 17 Uhr ist eine feierliche Liobavesper. W\u00e4hrend der Woche ist in der Liobakirche t\u00e4glich um 9 Uhr ein Wallfahrtsamt und &hellip;<\/p>\n<\/div>","protected":false},"author":1,"featured_media":0,"comment_status":"closed","ping_status":"closed","sticky":false,"template":"","format":"standard","meta":{"footnotes":""},"categories":[1],"tags":[],"class_list":["post-155437","post","type-post","status-publish","format-standard","hentry","category-startseite"],"_links":{"self":[{"href":"https:\/\/www.fuldaernachrichten.de\/index.php?rest_route=\/wp\/v2\/posts\/155437","targetHints":{"allow":["GET"]}}],"collection":[{"href":"https:\/\/www.fuldaernachrichten.de\/index.php?rest_route=\/wp\/v2\/posts"}],"about":[{"href":"https:\/\/www.fuldaernachrichten.de\/index.php?rest_route=\/wp\/v2\/types\/post"}],"author":[{"embeddable":true,"href":"https:\/\/www.fuldaernachrichten.de\/index.php?rest_route=\/wp\/v2\/users\/1"}],"replies":[{"embeddable":true,"href":"https:\/\/www.fuldaernachrichten.de\/index.php?rest_route=%2Fwp%2Fv2%2Fcomments&post=155437"}],"version-history":[{"count":1,"href":"https:\/\/www.fuldaernachrichten.de\/index.php?rest_route=\/wp\/v2\/posts\/155437\/revisions"}],"predecessor-version":[{"id":155440,"href":"https:\/\/www.fuldaernachrichten.de\/index.php?rest_route=\/wp\/v2\/posts\/155437\/revisions\/155440"}],"wp:attachment":[{"href":"https:\/\/www.fuldaernachrichten.de\/index.php?rest_route=%2Fwp%2Fv2%2Fmedia&parent=155437"}],"wp:term":[{"taxonomy":"category","embeddable":true,"href":"https:\/\/www.fuldaernachrichten.de\/index.php?rest_route=%2Fwp%2Fv2%2Fcategories&post=155437"},{"taxonomy":"post_tag","embeddable":true,"href":"https:\/\/www.fuldaernachrichten.de\/index.php?rest_route=%2Fwp%2Fv2%2Ftags&post=155437"}],"curies":[{"name":"wp","href":"https:\/\/api.w.org\/{rel}","templated":true}]}}