{"id":155435,"date":"2016-09-23T14:01:43","date_gmt":"2016-09-23T12:01:43","guid":{"rendered":"http:\/\/www.fuldaer-nachrichten.de\/?p=155435"},"modified":"2016-09-23T14:01:43","modified_gmt":"2016-09-23T12:01:43","slug":"4-hessischer-tag-der-nachhaltigkeit-549-aktionen-in-hessen-machen-nachhaltigkeit-erlebbar","status":"publish","type":"post","link":"https:\/\/www.fuldaernachrichten.de\/?p=155435","title":{"rendered":"4. Hessischer Tag der Nachhaltigkeit &#8211; 549 Aktionen in Hessen machen Nachhaltigkeit erlebbar"},"content":{"rendered":"<p>Von Hofgeismar bis Hirschhorn, von Limburg an der Lahn bis Gersfeld, von der Gro\u00dfstadt Frankfurt bis zur kleinen Gemeinde Alheim \u2013 in ganz Hessen wurde heute der abstrakte Begriff Nachhaltigkeit erlebbar. Unter dem Motto \u201eBeobachten \u2013 Erleben \u2013 Sch\u00fctzen: Hessen aktiv f\u00fcr Biologische Vielfalt\u201c zeichneten engagierte B\u00fcrgerinnen und B\u00fcrger, Unternehmen, Schulen, Kinderg\u00e4rten, Kommunen, Vereine, wissenschaftliche Einrichtungen und die Verwaltung mit mehreren hundert Aktionen und Veranstaltungen ein buntes Bild des nachhaltigen Engagements in Hessen.<\/p>\n<p>\u201eHessen steht heute ganz im Zeichen der Nachhaltigkeit! Ich freue mich \u00fcber 549 Aktionen und Veranstaltungen im ganzen Land. Die Vielfalt ist so gro\u00df wie noch nie zuvor. Besonders das Zukunftsthema Biologische Vielfalt steht im Fokus. Ich danke allen Veranstalterinnen und Veranstaltern herzlich f\u00fcr Zeit und Energie, die zur Vorbereitung und Durchf\u00fchrung der vielen Aktionen eingesetzt wurde. Nur mit Ihrer Unterst\u00fctzung ist auch der 4. Hessische Tag der Nachhaltigkeit ein so gro\u00dfartiger Erfolg!\u201c, betonte Umweltministerin Priska Hinz.<\/p>\n<p>Mitglieder der Landesregierung auf Nachhaltigkeitstour<\/p>\n<p>Die Umweltministerin besuchte bei der Nachhaltigkeitstour die Diesterwegschule in Herborn. Dort besch\u00e4ftigten sich Sch\u00fclerinnen und Sch\u00fcler mit regionalen Lebensmitteln und kochten ein eigenes Men\u00fc. Weiter ging es f\u00fcr Priska Hinz zur Spurensuche an die Dill in Wetzlar. Dort untersuchten Sch\u00fclerinnen und Sch\u00fcler, initiiert von der IHK Wetzlar und gemeinsam mit Mitarbeitern von Leica Mikrosystems, die biologische Gew\u00e4sserg\u00fcte. Zum Abschluss in Wetzlar lud Umweltministerin Priska Hinz gemeinsam mit Oberb\u00fcrgermeister Manfred Wagner zu einem Nachhaltigkeitsempfang in die Naturschutz-Akademie Hessen ein.<\/p>\n<p>Auch Umweltstaatsekret\u00e4rin Beatrix Tappeser, Kultusminister Alexander Lorz und Finanzstaatssekret\u00e4rin Bernadette Weyland waren in Hessen unterwegs. Umweltstaatssekret\u00e4rin Tappeser besuchte unter anderem die Hessische Gartenbauakademie in Geisenheim, wo Kinder selbst Apfelsaft herstellten und zeichnete in Frankfurt 16 Schulen f\u00fcr ihr Engagement beim Schuljahr der Nachhaltigkeit aus: \u201eEs ist toll, wie die Schulen junge Menschen schon fr\u00fch f\u00fcr nachhaltige Entwicklung sensibilisieren\u201c, so die Staatssekret\u00e4rin.<\/p>\n<p>Ideenwettbewerb #weilwirweiterdenken startet<\/p>\n<p>Am Tag der Nachhaltigkeit fiel auch der Startschuss f\u00fcr den Ideenwettbewerb #weilwirweiterdenken zum Thema Nachhaltiger Konsum. \u201eMit dem Wettbewerb laden wir junge Menschen in Hessen dazu ein, mit kreativen Ideen f\u00fcr einen nachhaltigen und fairen Konsum aktiv zu werden\u201c, sagte Umweltministerin Priska Hinz. Interessierte k\u00f6nnen bis Ende des Jahres eine Idee einreichen, wie andere Menschen in der eigenen Umgebung f\u00fcr nachhaltiges und bewusstes Konsumieren sensibilisiert werden k\u00f6nnen. Als Preis winkt die Umsetzung der eigenen Idee \u2013 die Gewinnerinnen und Gewinner erhalten Unterst\u00fctzung und bis zu 7.500 Euro.<\/p>\n<p>Abschluss der Kampagne \u201eWildes Hessen\u201c \u2013 240 wilde Ecken entstanden<\/p>\n<p>Beim Nachhaltigkeitsempfang in Wetzlar zog Ministerin Hinz zudem ein positives Res\u00fcmee der Kampagne \u201eWildes Hessen?! \u2013 Mehr Vielfalt in Garten, Dorf und Stadt\u201c, die mit Mitmachaktionen und wilden Ecken, in denen die Natur sich frei entfalten kann, ein Zeichen f\u00fcr Biodiversit\u00e4t setzt. Rund 240 solcher Ecken entstanden in Hessen oder wurden gemeldet. \u201eBiodiversit\u00e4t kann man direkt vor der Haust\u00fcr f\u00f6rdern mit vielen kleinen wilden Oasen f\u00fcr Tiere und Pflanzen \u2013 das hat die Kampagne gezeigt\u201c, so die Ministerin. Bei der Veranstaltung in der Naturschutz-Akademie wurden auch die Gewinnerinnen und Gewinner der Mitmachaktion ausgezeichnet.<\/p>\n<p>Wer am 22. September keine Zeit fand, eine Aktion zu besuchen, findet im Hessischen Schaufenster Nachhaltigkeit viele Impressionen des 4. Hessischen Tags der Nachhaltigkeit. Im Schaufenster werden die Aktionen und das landesweite Engagement dauerhaft sichtbar. Klicken Sie rein! http:\/\/hessen-nachhaltig.de\/de\/schaufenster-tag-der-nachhaltigkeit.html.<\/p>\n<p>Der 4. Hessische Tag der Nachhaltigkeit ist eine Initiative der Nachhaltigkeitsstrategie Hessen. Der Gedanke dahinter: Nur wer wei\u00df, was Nachhaltigkeit konkret bedeutet, kann auch selbst aktiv werden. Der Tag l\u00e4sst daher mit vielen Aktionen und Veranstaltungen Nachhaltigkeit lebendig werden. Die im Rahmen der Veranstaltung entstehenden Emissionen werden \u00fcber atmosfair ausgeglichen.<\/p>\n","protected":false},"excerpt":{"rendered":"<div class=\"tmnf_excerpt\"><p>Von Hofgeismar bis Hirschhorn, von Limburg an der Lahn bis Gersfeld, von der Gro\u00dfstadt Frankfurt bis zur kleinen Gemeinde Alheim \u2013 in ganz Hessen wurde heute der abstrakte Begriff Nachhaltigkeit erlebbar. Unter dem Motto \u201eBeobachten \u2013 Erleben \u2013 Sch\u00fctzen: Hessen aktiv f\u00fcr Biologische Vielfalt\u201c zeichneten engagierte B\u00fcrgerinnen und B\u00fcrger, Unternehmen, Schulen, Kinderg\u00e4rten, Kommunen, Vereine, wissenschaftliche &hellip;<\/p>\n<\/div>","protected":false},"author":1,"featured_media":0,"comment_status":"closed","ping_status":"closed","sticky":false,"template":"","format":"standard","meta":{"footnotes":""},"categories":[1],"tags":[],"class_list":["post-155435","post","type-post","status-publish","format-standard","hentry","category-startseite"],"_links":{"self":[{"href":"https:\/\/www.fuldaernachrichten.de\/index.php?rest_route=\/wp\/v2\/posts\/155435","targetHints":{"allow":["GET"]}}],"collection":[{"href":"https:\/\/www.fuldaernachrichten.de\/index.php?rest_route=\/wp\/v2\/posts"}],"about":[{"href":"https:\/\/www.fuldaernachrichten.de\/index.php?rest_route=\/wp\/v2\/types\/post"}],"author":[{"embeddable":true,"href":"https:\/\/www.fuldaernachrichten.de\/index.php?rest_route=\/wp\/v2\/users\/1"}],"replies":[{"embeddable":true,"href":"https:\/\/www.fuldaernachrichten.de\/index.php?rest_route=%2Fwp%2Fv2%2Fcomments&post=155435"}],"version-history":[{"count":1,"href":"https:\/\/www.fuldaernachrichten.de\/index.php?rest_route=\/wp\/v2\/posts\/155435\/revisions"}],"predecessor-version":[{"id":155441,"href":"https:\/\/www.fuldaernachrichten.de\/index.php?rest_route=\/wp\/v2\/posts\/155435\/revisions\/155441"}],"wp:attachment":[{"href":"https:\/\/www.fuldaernachrichten.de\/index.php?rest_route=%2Fwp%2Fv2%2Fmedia&parent=155435"}],"wp:term":[{"taxonomy":"category","embeddable":true,"href":"https:\/\/www.fuldaernachrichten.de\/index.php?rest_route=%2Fwp%2Fv2%2Fcategories&post=155435"},{"taxonomy":"post_tag","embeddable":true,"href":"https:\/\/www.fuldaernachrichten.de\/index.php?rest_route=%2Fwp%2Fv2%2Ftags&post=155435"}],"curies":[{"name":"wp","href":"https:\/\/api.w.org\/{rel}","templated":true}]}}