{"id":155407,"date":"2016-09-21T16:57:04","date_gmt":"2016-09-21T14:57:04","guid":{"rendered":"http:\/\/www.fuldaer-nachrichten.de\/?p=155407"},"modified":"2016-09-21T16:57:04","modified_gmt":"2016-09-21T14:57:04","slug":"4-hessischer-tag-der-nachhaltigkeit","status":"publish","type":"post","link":"https:\/\/www.fuldaernachrichten.de\/?p=155407","title":{"rendered":"4. Hessischer Tag der Nachhaltigkeit"},"content":{"rendered":"<p><a href=\"http:\/\/www.fuldaer-nachrichten.de\/wp-content\/uploads\/2016\/09\/Bild3_Am-Teich.jpg\"><img fetchpriority=\"high\" decoding=\"async\" class=\"alignleft size-thumbnail wp-image-155414\" src=\"http:\/\/www.fuldaer-nachrichten.de\/wp-content\/uploads\/2016\/09\/Bild3_Am-Teich-265x199.jpg\" alt=\"bild3_am-teich\" width=\"265\" height=\"199\" srcset=\"https:\/\/www.fuldaernachrichten.de\/wp-content\/uploads\/2016\/09\/Bild3_Am-Teich-265x199.jpg 265w, https:\/\/www.fuldaernachrichten.de\/wp-content\/uploads\/2016\/09\/Bild3_Am-Teich-768x576.jpg 768w, https:\/\/www.fuldaernachrichten.de\/wp-content\/uploads\/2016\/09\/Bild3_Am-Teich-600x450.jpg 600w, https:\/\/www.fuldaernachrichten.de\/wp-content\/uploads\/2016\/09\/Bild3_Am-Teich.jpg 900w\" sizes=\"(max-width: 265px) 100vw, 265px\" \/><\/a> \u201eBeobachten \u2013 Erleben \u2013 Sch\u00fctzen: Hessen aktiv f\u00fcr Biologische Vielfalt\u201c \u2013 unter diesem Motto l\u00e4sst der 4. Hessische Tag der Nachhaltigkeit am 22. September 2016 Nachhaltigkeit im ganzen Land lebendig werden. Auch die Ohmtalschule und das Forschungszentrum Neu-Ulrichstein beteiligen sich und geben den Startschuss f\u00fcr den neuen au\u00dferschulischen Lernort in Homberg.<\/p>\n<p>Hessen setzt Zeichen \u2013 und wir sind dabei! Gemeinsam gestalten wir unser Leben heute so, dass es auch f\u00fcr kommende Generationen lebenswert bleibt. Das ist nachhaltig. Doch was genau steckt hinter dem Begriff Nachhaltigkeit? Was passiert bereits im Land? Und was kann Jede und Jeder im Alltag f\u00fcr eine nachhaltige Entwicklung in Hessen tun? Antworten darauf gibt der 4. Hessische Tag der Nachhaltigkeit. Der thematische Schwerpunkt dieses Jahr: Biologische Vielfalt. Aber nat\u00fcrlich finden auch viele Aktionen zu anderen Aspekten von Nachhaltigkeit im ganzen Land statt, beispielsweise rund um das Thema Umweltforschung und Umweltschutz. Die Ohmtalschule und das Forschungszentrum Neu-Ulrichstein sind selbstverst\u00e4ndlich beim Aktionstag dabei!<\/p>\n<p><a href=\"http:\/\/www.fuldaer-nachrichten.de\/wp-content\/uploads\/2016\/09\/Bild1_Mikroskop.jpg\"><img decoding=\"async\" class=\"alignleft size-thumbnail wp-image-155413\" src=\"http:\/\/www.fuldaer-nachrichten.de\/wp-content\/uploads\/2016\/09\/Bild1_Mikroskop-265x177.jpg\" alt=\"bild1_mikroskop\" width=\"265\" height=\"177\" srcset=\"https:\/\/www.fuldaernachrichten.de\/wp-content\/uploads\/2016\/09\/Bild1_Mikroskop-265x177.jpg 265w, https:\/\/www.fuldaernachrichten.de\/wp-content\/uploads\/2016\/09\/Bild1_Mikroskop-768x513.jpg 768w, https:\/\/www.fuldaernachrichten.de\/wp-content\/uploads\/2016\/09\/Bild1_Mikroskop-600x401.jpg 600w, https:\/\/www.fuldaernachrichten.de\/wp-content\/uploads\/2016\/09\/Bild1_Mikroskop.jpg 900w\" sizes=\"(max-width: 265px) 100vw, 265px\" \/><\/a>Gemeinsam mit vielen weiteren Veranstaltern zeigen wir: Nachhaltigkeit lebt vom Mitmachen! Deswegen freuen wir uns \u00fcber viele Besucherinnen und Besucher unserer Auftaktveranstaltung zum au\u00dferschulischen Lernort und laden alle Interessierten am 22. September um 10:00 Uhr ins Forschungszentrum Neu-Ulrichstein ein. Dort k\u00f6nnen Sie den Sch\u00fclerinnen und Sch\u00fclern beim Freiland-Unterricht \u00fcber die Schulter schauen und bekommen weitere Einblicke in das neue Projekt.<\/p>\n<p>Die Ohmtalschule und das Forschungszentrum\u00c2\u00a0 freuen sich auf spannende Diskussionen, neue Ideen und viele interessierte G\u00e4ste.<\/p>\n<p>\u201eOhne Biologische Vielfalt ist auch das Wohlergehen von uns Menschen in Gefahr. Erhalten und sch\u00fctzen k\u00f6nnen wir unsere lebenswerte Natur jedoch nur gemeinsam. Der 4. Hessische Tag der Nachhaltigkeit steht unter dem Motto \u201eBeobachten \u2013 Erleben \u2013 Sch\u00fctzen: Hessen aktiv f\u00fcr Biologische Vielfalt\u201c und wir laden Sie ein, gemeinsam mit uns den Aktionstag zu nutzen, noch mehr Menschen f\u00fcr dieses wichtige Thema zu sensibilisieren. Lassen Sie uns aufzeigen, welche innovativen Aktivit\u00e4ten, Konzepte und Initiativen es in Hessen bereits gibt. Lassen Sie uns gemeinsam Ideen entwickeln, wie jede und jeder Einzelne f\u00fcr Biologische Vielfalt aktiv werden kann\u201c, laden der Hessische Ministerpr\u00e4sident Volker Bouffier und Umweltministerin Priska Hinz ein. \u201eMit dem Aktionstag zeigen wir, welche innovativen und zukunftweisenden Ideen und Konzepte bei uns in Hessen bereits entwickelt und umgesetzt werden und tragen ein Bewusstsein f\u00fcr nachhaltiges Handeln in die Breite. Lassen Sie uns gemeinsam auf den Erfolgen der vergangenen Jahre aufbauen und wieder viele neue Impulse setzen.\u201c<br \/>\nAlle Informationen zum 4. Hessischen Tag der Nachhaltigkeit gibt es unter<br \/>\nwww.tag-der-nachhaltigkeit.de<br \/>\nund zu diesem Projekt<br \/>\nwww.neu-ulrichstein.de\/leistungen\/ausserschulischer-lernort<\/p>\n","protected":false},"excerpt":{"rendered":"<div class=\"tmnf_excerpt\"><p>\u201eBeobachten \u2013 Erleben \u2013 Sch\u00fctzen: Hessen aktiv f\u00fcr Biologische Vielfalt\u201c \u2013 unter diesem Motto l\u00e4sst der 4. Hessische Tag der Nachhaltigkeit am 22. September 2016 Nachhaltigkeit im ganzen Land lebendig werden. Auch die Ohmtalschule und das Forschungszentrum Neu-Ulrichstein beteiligen sich und geben den Startschuss f\u00fcr den neuen au\u00dferschulischen Lernort in Homberg. Hessen setzt Zeichen \u2013 &hellip;<\/p>\n<\/div>","protected":false},"author":1,"featured_media":155415,"comment_status":"closed","ping_status":"closed","sticky":false,"template":"","format":"standard","meta":{"footnotes":""},"categories":[1],"tags":[],"class_list":["post-155407","post","type-post","status-publish","format-standard","has-post-thumbnail","hentry","category-startseite"],"_links":{"self":[{"href":"https:\/\/www.fuldaernachrichten.de\/index.php?rest_route=\/wp\/v2\/posts\/155407","targetHints":{"allow":["GET"]}}],"collection":[{"href":"https:\/\/www.fuldaernachrichten.de\/index.php?rest_route=\/wp\/v2\/posts"}],"about":[{"href":"https:\/\/www.fuldaernachrichten.de\/index.php?rest_route=\/wp\/v2\/types\/post"}],"author":[{"embeddable":true,"href":"https:\/\/www.fuldaernachrichten.de\/index.php?rest_route=\/wp\/v2\/users\/1"}],"replies":[{"embeddable":true,"href":"https:\/\/www.fuldaernachrichten.de\/index.php?rest_route=%2Fwp%2Fv2%2Fcomments&post=155407"}],"version-history":[{"count":1,"href":"https:\/\/www.fuldaernachrichten.de\/index.php?rest_route=\/wp\/v2\/posts\/155407\/revisions"}],"predecessor-version":[{"id":155417,"href":"https:\/\/www.fuldaernachrichten.de\/index.php?rest_route=\/wp\/v2\/posts\/155407\/revisions\/155417"}],"wp:featuredmedia":[{"embeddable":true,"href":"https:\/\/www.fuldaernachrichten.de\/index.php?rest_route=\/wp\/v2\/media\/155415"}],"wp:attachment":[{"href":"https:\/\/www.fuldaernachrichten.de\/index.php?rest_route=%2Fwp%2Fv2%2Fmedia&parent=155407"}],"wp:term":[{"taxonomy":"category","embeddable":true,"href":"https:\/\/www.fuldaernachrichten.de\/index.php?rest_route=%2Fwp%2Fv2%2Fcategories&post=155407"},{"taxonomy":"post_tag","embeddable":true,"href":"https:\/\/www.fuldaernachrichten.de\/index.php?rest_route=%2Fwp%2Fv2%2Ftags&post=155407"}],"curies":[{"name":"wp","href":"https:\/\/api.w.org\/{rel}","templated":true}]}}