{"id":155402,"date":"2016-09-21T16:56:46","date_gmt":"2016-09-21T14:56:46","guid":{"rendered":"http:\/\/www.fuldaer-nachrichten.de\/?p=155402"},"modified":"2016-09-21T16:56:46","modified_gmt":"2016-09-21T14:56:46","slug":"team-jumo-erneut-gesamtsieger-beim-rhoen-special-cup","status":"publish","type":"post","link":"https:\/\/www.fuldaernachrichten.de\/?p=155402","title":{"rendered":"Team Jumo erneut Gesamtsieger beim          \u201eRh\u00f6n-Special-Cup\u201c"},"content":{"rendered":"<p><a href=\"http:\/\/www.fuldaer-nachrichten.de\/wp-content\/uploads\/2016\/09\/abschluss-rh\u00f6n-special-cup_pokale.jpg\"><img fetchpriority=\"high\" decoding=\"async\" class=\"alignleft size-thumbnail wp-image-155412\" src=\"http:\/\/www.fuldaer-nachrichten.de\/wp-content\/uploads\/2016\/09\/abschluss-rh\u00f6n-special-cup_pokale-265x192.jpg\" alt=\"abschluss-rhoen-special-cup_pokale\" width=\"265\" height=\"192\" \/><\/a> Der Gesamtsieger des \u201eRh\u00f6n-Special-Cups\u201c 2016 ist erneut das Team von Jumo. Mit insgesamt 439 Startern sicherte es sich die F\u00fchrung in der beliebten Radfahrserie. Insgesamt starteten in diesem Jahr 31 Mannschaften mit rund 9 800 Teilnehmern. Damit ist der \u201eRh\u00f6n-Special-Cup\u201c, der vom heutigen Hauptsponsor Rh\u00f6nSprudel ins Leben gerufen wurde, ein absolutes Gro\u00dfereignis im Breitensport in der Region.<\/p>\n<p><a href=\"http:\/\/www.fuldaer-nachrichten.de\/wp-content\/uploads\/2016\/09\/abschluss-rh\u00f6n-special-cup_familien.jpg\"><img decoding=\"async\" class=\"alignleft size-thumbnail wp-image-155410\" src=\"http:\/\/www.fuldaer-nachrichten.de\/wp-content\/uploads\/2016\/09\/abschluss-rh\u00f6n-special-cup_familien-265x182.jpg\" alt=\"abschluss-rhoen-special-cup_familien\" width=\"265\" height=\"182\" \/><\/a>Der Abschluss des \u201eRh\u00f6n-Special-Cups\u201c fand traditionell in Weyhers statt. Alleine an diesem Tag gingen 22 Gruppen und Vereine mit rund 1 100 Teilnehmern an den Start. Viele von ihnen feierten anschlie\u00dfend auf dem Sportplatz den gelungenen Abschluss der diesj\u00e4hrigen Rad-Serie. Beim \u201eRh\u00f6n-Special-Cup\u201c sind Strecken von 74, 49 und 30 Kilometern L\u00e4nge sowie eine 20 Kilometer lange Mountainbike-Strecke zu absolvieren.<\/p>\n<p><a href=\"http:\/\/www.fuldaer-nachrichten.de\/wp-content\/uploads\/2016\/09\/abschluss-rh\u00f6n-special-cup_tombola.jpg\"><img decoding=\"async\" class=\"alignleft size-thumbnail wp-image-155409\" src=\"http:\/\/www.fuldaer-nachrichten.de\/wp-content\/uploads\/2016\/09\/abschluss-rh\u00f6n-special-cup_tombola-265x194.jpg\" alt=\"abschluss-rhoen-special-cup_tombola\" width=\"265\" height=\"194\" \/><\/a>\u201eDer Rh\u00f6n-Special-Cup\u201c ist in erster Linie f\u00fcr Hobbyradler da. Wir wollen mit dieser Veranstaltung vor allem Familien mit Kindern und Firmenmannschaften erreichen. An erster Stelle stehen Spa\u00df und sportliche Bet\u00e4tigung in der freien Natur; nicht der Leistungsgedanke\u201c, sagte Martin G\u00e4rtner, Projektmanager Messen\/Events\/Sponsoring beim MineralBrunnen Rh\u00f6nSprudel. Das Unternehmen aus dem hessischen Weyhers ist seit \u00fcber 20 Jahren der Hauptsponsor des \u201eRh\u00f6n-Special-Cups\u201c. Au\u00dferdem sponsert die Sparkasse Fulda die erfolgreiche Radveranstaltung. Zur Abschlussveranstaltung des \u201eRh\u00f6n-Special-Cups\u201c in Weyhers war auch der Vorstandsvorsitzende der Sparkasse Fulda, Alois Fr\u00fcchtl, gekommen. Er nahm gemeinsam mit Gabriele und Natalie Schindel vom MineralBrunnen Rh\u00f6nSprudel die Siegerehrung und die Auslosung der Tombola vor.<br \/>\nDer 1. Vorsitzende des TSV Weyhers-Ebersberg, J\u00f6rg Weiser, konnte am Sonntagnachmittag au\u00dferdem den Kreisbeigeordneten des Landkreises Fulda, Joachim Janshen, und den Ortsvorsteher von Weyhers, Thorsten Link, begr\u00fc\u00dfen. Er richtete seinen Dank an alle am \u201eRh\u00f6n-Special-Cup\u201c beteiligten Mannschaften, an die beiden Sponsoren Rh\u00f6nSprudel und Sparkasse Fulda sowie an die vielen ehrenamtlichen Helfer, die zum Abschluss in Weyhers vor Ort waren. \u201eOhne das finanzielle Engagement unserer Sponsoren und die ehrenamtliche T\u00e4tigkeit w\u00e4re die Durchf\u00fchrung dieses erfolgreichen Rad-Events v\u00f6llig undenkbar\u201c, betonte Weiser.<\/p>\n<p>Kreisbeigeordneter Joachim Janshen hob in seinem Gru\u00dfwort die Unmenge an Kleinarbeit hervor, die hinter einer solchen Cup-Serie steckt. 9 800 Radbegeisterte in einem Jahr zu erreichen, sei eine enorme Leistung hinsichtlich des Breitensports in der Region. Janshen \u00fcberbrachte zugleich die Gr\u00fc\u00dfe des Schirmherrn des \u201eRh\u00f6n-Special-Cups\u201c, Fuldas Landrat Bernd Woide.<\/p>\n<p><a href=\"http:\/\/www.fuldaer-nachrichten.de\/wp-content\/uploads\/2016\/09\/abschluss-rh\u00f6n-special-cup_teilnehmer.jpg\"><img loading=\"lazy\" decoding=\"async\" class=\"alignleft size-thumbnail wp-image-155408\" src=\"http:\/\/www.fuldaer-nachrichten.de\/wp-content\/uploads\/2016\/09\/abschluss-rh\u00f6n-special-cup_teilnehmer-265x185.jpg\" alt=\"abschluss-rhoen-special-cup_teilnehmer\" width=\"265\" height=\"185\" \/><\/a>Das Team Jumo erhielt f\u00fcr sein Engagement einen symbolischen Scheck in H\u00f6he von 300 Euro, das zweitplatzierte Team in H\u00f6he von 200 Euro und die drittplatzierte Mannschaft in H\u00f6he von 100 Euro. Im Zuge der Tombola wurden zahlreiche Sachpreise, hochwertige Fahrr\u00e4der, ein E-Bike sowie ein Reisegutschein als Hauptpreis in H\u00f6he von 500 Euro verlost. F\u00fcr die zehn teilnehmerst\u00e4rksten Mannschaften, Gruppen und Vereine gab es Pokale.<\/p>\n<p>Der \u201eRh\u00f6n-Special-Cup\u201c 2017 startet traditionell zu Pfingsten am 3. und 4. Juni in Bimbach. Weitere Stationen sind Petersberg, Kleinl\u00fcder und Fulda. Der Abschluss findet wie gewohnt im September in Weyhers statt.<\/p>\n","protected":false},"excerpt":{"rendered":"<div class=\"tmnf_excerpt\"><p>Der Gesamtsieger des \u201eRh\u00f6n-Special-Cups\u201c 2016 ist erneut das Team von Jumo. Mit insgesamt 439 Startern sicherte es sich die F\u00fchrung in der beliebten Radfahrserie. Insgesamt starteten in diesem Jahr 31 Mannschaften mit rund 9 800 Teilnehmern. Damit ist der \u201eRh\u00f6n-Special-Cup\u201c, der vom heutigen Hauptsponsor Rh\u00f6nSprudel ins Leben gerufen wurde, ein absolutes Gro\u00dfereignis im Breitensport in &hellip;<\/p>\n<\/div>","protected":false},"author":1,"featured_media":155411,"comment_status":"closed","ping_status":"closed","sticky":false,"template":"","format":"standard","meta":{"footnotes":""},"categories":[1],"tags":[],"class_list":["post-155402","post","type-post","status-publish","format-standard","has-post-thumbnail","hentry","category-startseite"],"_links":{"self":[{"href":"https:\/\/www.fuldaernachrichten.de\/index.php?rest_route=\/wp\/v2\/posts\/155402","targetHints":{"allow":["GET"]}}],"collection":[{"href":"https:\/\/www.fuldaernachrichten.de\/index.php?rest_route=\/wp\/v2\/posts"}],"about":[{"href":"https:\/\/www.fuldaernachrichten.de\/index.php?rest_route=\/wp\/v2\/types\/post"}],"author":[{"embeddable":true,"href":"https:\/\/www.fuldaernachrichten.de\/index.php?rest_route=\/wp\/v2\/users\/1"}],"replies":[{"embeddable":true,"href":"https:\/\/www.fuldaernachrichten.de\/index.php?rest_route=%2Fwp%2Fv2%2Fcomments&post=155402"}],"version-history":[{"count":1,"href":"https:\/\/www.fuldaernachrichten.de\/index.php?rest_route=\/wp\/v2\/posts\/155402\/revisions"}],"predecessor-version":[{"id":155416,"href":"https:\/\/www.fuldaernachrichten.de\/index.php?rest_route=\/wp\/v2\/posts\/155402\/revisions\/155416"}],"wp:featuredmedia":[{"embeddable":true,"href":"https:\/\/www.fuldaernachrichten.de\/index.php?rest_route=\/wp\/v2\/media\/155411"}],"wp:attachment":[{"href":"https:\/\/www.fuldaernachrichten.de\/index.php?rest_route=%2Fwp%2Fv2%2Fmedia&parent=155402"}],"wp:term":[{"taxonomy":"category","embeddable":true,"href":"https:\/\/www.fuldaernachrichten.de\/index.php?rest_route=%2Fwp%2Fv2%2Fcategories&post=155402"},{"taxonomy":"post_tag","embeddable":true,"href":"https:\/\/www.fuldaernachrichten.de\/index.php?rest_route=%2Fwp%2Fv2%2Ftags&post=155402"}],"curies":[{"name":"wp","href":"https:\/\/api.w.org\/{rel}","templated":true}]}}