{"id":155398,"date":"2016-09-21T16:54:43","date_gmt":"2016-09-21T14:54:43","guid":{"rendered":"http:\/\/www.fuldaer-nachrichten.de\/?p=155398"},"modified":"2016-09-21T16:54:43","modified_gmt":"2016-09-21T14:54:43","slug":"einladung-an-perspektiva-geschaeftsfuehrer-zu-buergerfest-im-schloss-bellevue","status":"publish","type":"post","link":"https:\/\/www.fuldaernachrichten.de\/?p=155398","title":{"rendered":"Einladung an Perspektiva-Gesch\u00e4ftsf\u00fchrer zu B\u00fcrgerfest im Schloss Bellevue"},"content":{"rendered":"<p>Eine ganz besondere Ehre und gleichzeitig Best\u00e4tigung f\u00fcr das Engagement aller Unternehmer und Mitarbeiter im Netzwerk von Perspektiva bedeutete ohne Frage die Einladung von Bundespr\u00e4sident Joachim Gauck k\u00fcrzlich an Perspektiva-Gesch\u00e4ftsf\u00fchrer Michael Becker zum traditionellen B\u00fcrgerfest.<\/p>\n<p>Rund 4 000 Menschen, die ehrenamtlich t\u00e4tig sind, waren bei strahlendem Sonnenschein nach Berlin ins Schloss Bellevue gekommen. Bereits zum f\u00fcnften und gleichzeitig auch zum letzten Mal hatte der Bundespr\u00e4sident eingeladen und bedankte sich bei den G\u00e4sten, dass sie durch ihr ehrenamtliches Engagement zu einer starken Zivilgesellschaft beitragen. \u201eSie sind Menschen, die gro\u00dfartige Sachen machen.\u201c F\u00fcr Michael Becker bedeutete diese Anerkennung eine Best\u00e4tigung der geleisteten Arbeit, die sich auch im Engagement-Preis oder der Verleihung des Wirk-Siegels wiederspiegelt. \u201eDar\u00fcber hinaus ist diese Einladung auch an Fulda und seine B\u00fcrger als inklusivste Stadt Deutschlands gerichtet. F\u00fcr mich war es eine besondere Auszeichnung, unsere Stadt und unsere B\u00fcrger in Berlin beim Bundespr\u00e4sidenten vertreten zu k\u00f6nnen.\u201c<\/p>\n<p>Bild: \u201eFotoshooting\u201c im Arbeitszimmer des Bundespr\u00e4sidenten: Michael und Gabriele Becker (Perspektiva), Erika Mechler (antonius Netzwerk Mensch) und CDU-Bundestagsabgeordneter Michael Brand (von links).<\/p>\n","protected":false},"excerpt":{"rendered":"<div class=\"tmnf_excerpt\"><p>Eine ganz besondere Ehre und gleichzeitig Best\u00e4tigung f\u00fcr das Engagement aller Unternehmer und Mitarbeiter im Netzwerk von Perspektiva bedeutete ohne Frage die Einladung von Bundespr\u00e4sident Joachim Gauck k\u00fcrzlich an Perspektiva-Gesch\u00e4ftsf\u00fchrer Michael Becker zum traditionellen B\u00fcrgerfest. Rund 4 000 Menschen, die ehrenamtlich t\u00e4tig sind, waren bei strahlendem Sonnenschein nach Berlin ins Schloss Bellevue gekommen. Bereits zum &hellip;<\/p>\n<\/div>","protected":false},"author":1,"featured_media":155403,"comment_status":"closed","ping_status":"closed","sticky":false,"template":"","format":"standard","meta":{"footnotes":""},"categories":[1],"tags":[],"class_list":["post-155398","post","type-post","status-publish","format-standard","has-post-thumbnail","hentry","category-startseite"],"_links":{"self":[{"href":"https:\/\/www.fuldaernachrichten.de\/index.php?rest_route=\/wp\/v2\/posts\/155398","targetHints":{"allow":["GET"]}}],"collection":[{"href":"https:\/\/www.fuldaernachrichten.de\/index.php?rest_route=\/wp\/v2\/posts"}],"about":[{"href":"https:\/\/www.fuldaernachrichten.de\/index.php?rest_route=\/wp\/v2\/types\/post"}],"author":[{"embeddable":true,"href":"https:\/\/www.fuldaernachrichten.de\/index.php?rest_route=\/wp\/v2\/users\/1"}],"replies":[{"embeddable":true,"href":"https:\/\/www.fuldaernachrichten.de\/index.php?rest_route=%2Fwp%2Fv2%2Fcomments&post=155398"}],"version-history":[{"count":1,"href":"https:\/\/www.fuldaernachrichten.de\/index.php?rest_route=\/wp\/v2\/posts\/155398\/revisions"}],"predecessor-version":[{"id":155404,"href":"https:\/\/www.fuldaernachrichten.de\/index.php?rest_route=\/wp\/v2\/posts\/155398\/revisions\/155404"}],"wp:featuredmedia":[{"embeddable":true,"href":"https:\/\/www.fuldaernachrichten.de\/index.php?rest_route=\/wp\/v2\/media\/155403"}],"wp:attachment":[{"href":"https:\/\/www.fuldaernachrichten.de\/index.php?rest_route=%2Fwp%2Fv2%2Fmedia&parent=155398"}],"wp:term":[{"taxonomy":"category","embeddable":true,"href":"https:\/\/www.fuldaernachrichten.de\/index.php?rest_route=%2Fwp%2Fv2%2Fcategories&post=155398"},{"taxonomy":"post_tag","embeddable":true,"href":"https:\/\/www.fuldaernachrichten.de\/index.php?rest_route=%2Fwp%2Fv2%2Ftags&post=155398"}],"curies":[{"name":"wp","href":"https:\/\/api.w.org\/{rel}","templated":true}]}}