{"id":155396,"date":"2016-09-21T16:53:11","date_gmt":"2016-09-21T14:53:11","guid":{"rendered":"http:\/\/www.fuldaer-nachrichten.de\/?p=155396"},"modified":"2016-09-21T16:53:29","modified_gmt":"2016-09-21T14:53:29","slug":"gemeinsames-treffen-von-handlungsfeld-gewaltpraevention-und-frauennetzwerk-im-vogelsbergkreis-am-27-september","status":"publish","type":"post","link":"https:\/\/www.fuldaernachrichten.de\/?p=155396","title":{"rendered":"Gemeinsames Treffen von Handlungsfeld \u201eGewaltpr\u00e4vention\u201c und \u201eFrauennetzwerk im Vogelsbergkreis\u201c am 27. September"},"content":{"rendered":"<p>Am Dienstag, 27. September, findet ein gemeinsames Treffen der Arbeitsgruppe zum Handlungsfeld \u201eGewaltpr\u00e4vention\u201c und des \u201eFrauennetzwerkes im Vogelsbergkreis\u201c statt. Ab 17:30 Uhr geht es im Sitzungssaal des Landratsamtes (Goldhelg 20, Lauterbach) unter anderem um die Vorstellung des Fachtages \u201eFl\u00fcchtige Seelen\u201c &#8211; Menschen mit Traumata und Tr\u00e4umen, der am 24. November in Ulrichstein stattfinden wird.<\/p>\n<p>Auch die Planungen rund um den Gewaltschutztag am 25.11.2016, das Projekt \u201eGewalt-Sehen-Helfen\u201c sowie die Pr\u00e4ventionsprojekte f\u00fcr das kommende Jahr 2017 stehen auf der Tagesordnung. Dazu geh\u00f6ren \u201eOne Billion Rising\u201c, Deeskalationstraining und das Pr\u00e4ventionstheater f\u00fcr Kinderg\u00e4rten und Schulen. Die Beauftragte f\u00fcr Integration, Inklusion und Gleichstellung, Magdalena Pitzer, l\u00e4dt alle Interessierten herzlich zu diesem Treffen ein.<\/p>\n","protected":false},"excerpt":{"rendered":"<div class=\"tmnf_excerpt\"><p>Am Dienstag, 27. September, findet ein gemeinsames Treffen der Arbeitsgruppe zum Handlungsfeld \u201eGewaltpr\u00e4vention\u201c und des \u201eFrauennetzwerkes im Vogelsbergkreis\u201c statt. Ab 17:30 Uhr geht es im Sitzungssaal des Landratsamtes (Goldhelg 20, Lauterbach) unter anderem um die Vorstellung des Fachtages \u201eFl\u00fcchtige Seelen\u201c &#8211; Menschen mit Traumata und Tr\u00e4umen, der am 24. November in Ulrichstein stattfinden wird. Auch &hellip;<\/p>\n<\/div>","protected":false},"author":1,"featured_media":0,"comment_status":"closed","ping_status":"closed","sticky":false,"template":"","format":"standard","meta":{"footnotes":""},"categories":[1],"tags":[],"class_list":["post-155396","post","type-post","status-publish","format-standard","hentry","category-startseite"],"_links":{"self":[{"href":"https:\/\/www.fuldaernachrichten.de\/index.php?rest_route=\/wp\/v2\/posts\/155396","targetHints":{"allow":["GET"]}}],"collection":[{"href":"https:\/\/www.fuldaernachrichten.de\/index.php?rest_route=\/wp\/v2\/posts"}],"about":[{"href":"https:\/\/www.fuldaernachrichten.de\/index.php?rest_route=\/wp\/v2\/types\/post"}],"author":[{"embeddable":true,"href":"https:\/\/www.fuldaernachrichten.de\/index.php?rest_route=\/wp\/v2\/users\/1"}],"replies":[{"embeddable":true,"href":"https:\/\/www.fuldaernachrichten.de\/index.php?rest_route=%2Fwp%2Fv2%2Fcomments&post=155396"}],"version-history":[{"count":2,"href":"https:\/\/www.fuldaernachrichten.de\/index.php?rest_route=\/wp\/v2\/posts\/155396\/revisions"}],"predecessor-version":[{"id":155401,"href":"https:\/\/www.fuldaernachrichten.de\/index.php?rest_route=\/wp\/v2\/posts\/155396\/revisions\/155401"}],"wp:attachment":[{"href":"https:\/\/www.fuldaernachrichten.de\/index.php?rest_route=%2Fwp%2Fv2%2Fmedia&parent=155396"}],"wp:term":[{"taxonomy":"category","embeddable":true,"href":"https:\/\/www.fuldaernachrichten.de\/index.php?rest_route=%2Fwp%2Fv2%2Fcategories&post=155396"},{"taxonomy":"post_tag","embeddable":true,"href":"https:\/\/www.fuldaernachrichten.de\/index.php?rest_route=%2Fwp%2Fv2%2Ftags&post=155396"}],"curies":[{"name":"wp","href":"https:\/\/api.w.org\/{rel}","templated":true}]}}