{"id":155388,"date":"2016-09-21T16:59:34","date_gmt":"2016-09-21T14:59:34","guid":{"rendered":"http:\/\/www.fuldaer-nachrichten.de\/?p=155388"},"modified":"2016-09-21T16:59:34","modified_gmt":"2016-09-21T14:59:34","slug":"kletternachwuchs-der-dav-sektion-fulda-weiter-auf-erfolgskurs-bei-kidscup","status":"publish","type":"post","link":"https:\/\/www.fuldaernachrichten.de\/?p=155388","title":{"rendered":"Kletternachwuchs der DAV Sektion Fulda weiter auf Erfolgskurs bei KidsCup"},"content":{"rendered":"<p><a href=\"http:\/\/www.fuldaer-nachrichten.de\/wp-content\/uploads\/2016\/09\/DAV_KidsCup_Marburg_5.jpg\"><img decoding=\"async\" class=\"alignleft size-thumbnail wp-image-155425\" src=\"http:\/\/www.fuldaer-nachrichten.de\/wp-content\/uploads\/2016\/09\/DAV_KidsCup_Marburg_5-265x175.jpg\" alt=\"dav_kidscup_marburg_5\" width=\"265\" height=\"175\" srcset=\"https:\/\/www.fuldaernachrichten.de\/wp-content\/uploads\/2016\/09\/DAV_KidsCup_Marburg_5-265x175.jpg 265w, https:\/\/www.fuldaernachrichten.de\/wp-content\/uploads\/2016\/09\/DAV_KidsCup_Marburg_5-768x508.jpg 768w, https:\/\/www.fuldaernachrichten.de\/wp-content\/uploads\/2016\/09\/DAV_KidsCup_Marburg_5-600x397.jpg 600w, https:\/\/www.fuldaernachrichten.de\/wp-content\/uploads\/2016\/09\/DAV_KidsCup_Marburg_5.jpg 900w\" sizes=\"(max-width: 265px) 100vw, 265px\" \/><\/a> Die DAV Sektion Fulda hat auch beim dritten KidsCup dieses Jahres am 3. September in Marburg ihre gute Form unter Beweis gestellt: so kletterte Leo Bindernagel erneut auf den 1. Platz in der Jugend E und zieht damit auch vorzeitig ins Westdeutsche Finale des KidsCups ein. Dazu kamen weitere Platzierungen unter den besten Zehn in den anderen Altersklassen.<\/p>\n<p><a href=\"http:\/\/www.fuldaer-nachrichten.de\/wp-content\/uploads\/2016\/09\/DAV_KidsCup_Marburg_2.jpg\"><img decoding=\"async\" class=\"alignleft size-thumbnail wp-image-155422\" src=\"http:\/\/www.fuldaer-nachrichten.de\/wp-content\/uploads\/2016\/09\/DAV_KidsCup_Marburg_2-265x175.jpg\" alt=\"dav_kidscup_marburg_2\" width=\"265\" height=\"175\" srcset=\"https:\/\/www.fuldaernachrichten.de\/wp-content\/uploads\/2016\/09\/DAV_KidsCup_Marburg_2-265x175.jpg 265w, https:\/\/www.fuldaernachrichten.de\/wp-content\/uploads\/2016\/09\/DAV_KidsCup_Marburg_2-768x508.jpg 768w, https:\/\/www.fuldaernachrichten.de\/wp-content\/uploads\/2016\/09\/DAV_KidsCup_Marburg_2-600x397.jpg 600w, https:\/\/www.fuldaernachrichten.de\/wp-content\/uploads\/2016\/09\/DAV_KidsCup_Marburg_2.jpg 900w\" sizes=\"(max-width: 265px) 100vw, 265px\" \/><\/a>Beim dritten KidsCup dieses Jahres in Marburg warteten drei Kletter-Routen in einem Versuch, vier Boulderprobleme in drei Versuchen und eine Speedroute in zwei Versuchen auf die Teilnehmer. Insgesamt gingen f\u00fcr die DAV Sektion Fulda sechs Nachwuchskletterer an den Start.<\/p>\n<p>Bei der m\u00e4nnlichen Jugend D waren die Routen und Boulder leider zu leicht geschraubt, sodass die ersten sieben Jungs (so auch Hannes Bindernagel)\u00c2\u00a0alle Routen und Boulder im ersten Versuch schafften und die Platzierung dann von der Zeit in der Speedroute abhing. In den anderen Altersklassen haben die Schwierigkeiten dagegen gut gepasst.<\/p>\n<p><a href=\"http:\/\/www.fuldaer-nachrichten.de\/wp-content\/uploads\/2016\/09\/DAV_KidsCup_Marburg_1.jpg\"><img decoding=\"async\" class=\"alignleft size-thumbnail wp-image-155423\" src=\"http:\/\/www.fuldaer-nachrichten.de\/wp-content\/uploads\/2016\/09\/DAV_KidsCup_Marburg_1-265x175.jpg\" alt=\"dav_kidscup_marburg_1\" width=\"265\" height=\"175\" srcset=\"https:\/\/www.fuldaernachrichten.de\/wp-content\/uploads\/2016\/09\/DAV_KidsCup_Marburg_1-265x175.jpg 265w, https:\/\/www.fuldaernachrichten.de\/wp-content\/uploads\/2016\/09\/DAV_KidsCup_Marburg_1-768x508.jpg 768w, https:\/\/www.fuldaernachrichten.de\/wp-content\/uploads\/2016\/09\/DAV_KidsCup_Marburg_1-600x397.jpg 600w, https:\/\/www.fuldaernachrichten.de\/wp-content\/uploads\/2016\/09\/DAV_KidsCup_Marburg_1.jpg 900w\" sizes=\"(max-width: 265px) 100vw, 265px\" \/><\/a>Am Ende konnte sich das Fuldaer Team dann \u00fcber sehr gute Platzierungen unter den besten Zehn der verschiedenen Altersklassen freuen. Allen voran Leo Bindernagel, der mit seinem dritten 1. Platz nun den Einzug ins Finale am 26. November in Trier sicher hat und den letzten KidsCup in Wetzlar als Training f\u00fcr das Finale nutzen kann.<\/p>\n<p><a href=\"http:\/\/www.fuldaer-nachrichten.de\/wp-content\/uploads\/2016\/09\/DAV_KidsCup_Marburg_3.jpg\"><img loading=\"lazy\" decoding=\"async\" class=\"alignleft size-thumbnail wp-image-155421\" src=\"http:\/\/www.fuldaer-nachrichten.de\/wp-content\/uploads\/2016\/09\/DAV_KidsCup_Marburg_3-265x175.jpg\" alt=\"dav_kidscup_marburg_3\" width=\"265\" height=\"175\" srcset=\"https:\/\/www.fuldaernachrichten.de\/wp-content\/uploads\/2016\/09\/DAV_KidsCup_Marburg_3-265x175.jpg 265w, https:\/\/www.fuldaernachrichten.de\/wp-content\/uploads\/2016\/09\/DAV_KidsCup_Marburg_3-768x508.jpg 768w, https:\/\/www.fuldaernachrichten.de\/wp-content\/uploads\/2016\/09\/DAV_KidsCup_Marburg_3-600x397.jpg 600w, https:\/\/www.fuldaernachrichten.de\/wp-content\/uploads\/2016\/09\/DAV_KidsCup_Marburg_3.jpg 900w\" sizes=\"(max-width: 265px) 100vw, 265px\" \/><\/a>Nach dem 4. und letzten KidsCup am 1. Oktober in Wetzlar stehen dann alle Finalteilnehmer f\u00fcr das Westdeutsche Finale in Trier fest. Bis dahin trainieren die Nachwuchskletterer der DAV Sektion Fulda noch flei\u00dfig, damit auch weitere Fuldaer\u00c2\u00a0den Einzug ins Finale schaffen. Sehr gut stehen die Chancen aktuell beispielsweise f\u00fcr Lilli Brod. Es hei\u00dft also: Daumen dr\u00fccken.<\/p>\n<p>Die Ergebnisse im \u00dcberblick: \u00e2\u20ac\u00a8KidsCup Marburg &#8211; 3. September 2016<\/p>\n<p>Jugend E (8-9 Jahre) m: \u00c2\u00a0\u00c2\u00a0 \u00c2\u00a0Leo Bindernagel (1. Platz)<\/p>\n<p>Jugend D (10-11 Jahre m: \u00c2\u00a0\u00c2\u00a0 \u00c2\u00a0Hannes Bindernagel (6. Platz); Benjamin Koch \u00e2\u20ac\u00a8(7. Platz); Clemens Koch (8. Platz)<\/p>\n<p>Jugend C (12-13 Jahre) w: \u00c2\u00a0\u00c2\u00a0 \u00c2\u00a0Lilli Brod (7. Platz); Joela Remmert (8. Platz)<\/p>\n","protected":false},"excerpt":{"rendered":"<div class=\"tmnf_excerpt\"><p>Die DAV Sektion Fulda hat auch beim dritten KidsCup dieses Jahres am 3. September in Marburg ihre gute Form unter Beweis gestellt: so kletterte Leo Bindernagel erneut auf den 1. Platz in der Jugend E und zieht damit auch vorzeitig ins Westdeutsche Finale des KidsCups ein. Dazu kamen weitere Platzierungen unter den besten Zehn in &hellip;<\/p>\n<\/div>","protected":false},"author":1,"featured_media":155424,"comment_status":"closed","ping_status":"closed","sticky":false,"template":"","format":"standard","meta":{"footnotes":""},"categories":[1],"tags":[],"class_list":["post-155388","post","type-post","status-publish","format-standard","has-post-thumbnail","hentry","category-startseite"],"_links":{"self":[{"href":"https:\/\/www.fuldaernachrichten.de\/index.php?rest_route=\/wp\/v2\/posts\/155388","targetHints":{"allow":["GET"]}}],"collection":[{"href":"https:\/\/www.fuldaernachrichten.de\/index.php?rest_route=\/wp\/v2\/posts"}],"about":[{"href":"https:\/\/www.fuldaernachrichten.de\/index.php?rest_route=\/wp\/v2\/types\/post"}],"author":[{"embeddable":true,"href":"https:\/\/www.fuldaernachrichten.de\/index.php?rest_route=\/wp\/v2\/users\/1"}],"replies":[{"embeddable":true,"href":"https:\/\/www.fuldaernachrichten.de\/index.php?rest_route=%2Fwp%2Fv2%2Fcomments&post=155388"}],"version-history":[{"count":1,"href":"https:\/\/www.fuldaernachrichten.de\/index.php?rest_route=\/wp\/v2\/posts\/155388\/revisions"}],"predecessor-version":[{"id":155426,"href":"https:\/\/www.fuldaernachrichten.de\/index.php?rest_route=\/wp\/v2\/posts\/155388\/revisions\/155426"}],"wp:featuredmedia":[{"embeddable":true,"href":"https:\/\/www.fuldaernachrichten.de\/index.php?rest_route=\/wp\/v2\/media\/155424"}],"wp:attachment":[{"href":"https:\/\/www.fuldaernachrichten.de\/index.php?rest_route=%2Fwp%2Fv2%2Fmedia&parent=155388"}],"wp:term":[{"taxonomy":"category","embeddable":true,"href":"https:\/\/www.fuldaernachrichten.de\/index.php?rest_route=%2Fwp%2Fv2%2Fcategories&post=155388"},{"taxonomy":"post_tag","embeddable":true,"href":"https:\/\/www.fuldaernachrichten.de\/index.php?rest_route=%2Fwp%2Fv2%2Ftags&post=155388"}],"curies":[{"name":"wp","href":"https:\/\/api.w.org\/{rel}","templated":true}]}}