{"id":155387,"date":"2016-09-21T16:52:33","date_gmt":"2016-09-21T14:52:33","guid":{"rendered":"http:\/\/www.fuldaer-nachrichten.de\/?p=155387"},"modified":"2016-09-21T16:52:33","modified_gmt":"2016-09-21T14:52:33","slug":"angebot-der-erziehungsberatungsstelle-training-fuer-eltern-mit-triple-p-teens","status":"publish","type":"post","link":"https:\/\/www.fuldaernachrichten.de\/?p=155387","title":{"rendered":"Angebot der Erziehungsberatungsstelle \/ Training f\u00fcr Eltern mit \u201eTriple P Teens\u201c"},"content":{"rendered":"<p>\u201eIch wei\u00df nicht, wie es so weit kommen konnte \u2013 aber ich erreiche mein Kind einfach nicht mehr\u201c, h\u00f6rt Katharina Bauer, Mitarbeiterin der Beratungsstelle des Landkreises Fulda f\u00fcr Eltern, Kinder und Jugendliche, h\u00e4ufig. Dabei sind die Gr\u00e4ben zwischen Eltern und Kind nach Erfahrung der Diplom-Psychologin vielfach gar nicht so tief. Vielmehr ist im Familienalltag schlichtweg die Kommunikation verloren gegangen, die Beziehung leidet. Hilfe verspricht das Beratungsangebot \u201eTriple P Teens\u201c.<\/p>\n<p>Bereits seit mehreren Jahren bietet die Erziehungsberatungsstelle das Elterntraining unter dem Namen \u201eTriple P\u201c \u2013 die Abk\u00fcrzung steht f\u00fcr Positive Parenting Program \u2013 f\u00fcr Eltern von Kindern bis 12 Jahren an. Seit dem vergangenen Jahr wird speziell auch ein Angebot f\u00fcr Eltern von \u00e4lteren Kindern, das bei zehn Jahren beginnt und die gesamte Jugendspannweite abdeckt, unterbreitet. \u201eIn diesem Alter fangen die Kinder an, eigene Wege zu gehen. Je \u00e4lter die Kinder werden, desto weniger geht es um Erziehung, stattdessen sollte die Beziehung zwischen Eltern und Kind in den Vordergrund r\u00fccken.\u201c<\/p>\n<p>Diese Beziehung zu definieren ist f\u00fcr Eltern und Kinder keine leichte Aufgabe. Durch das kostenfreie Angebot \u201eTriple P Teens\u201c\u00c2\u00a0 erhalten Eltern Anregungen, wie sie eine positive Beziehung zu ihrem Kind aufbauen und seine Entwicklung f\u00f6rdern k\u00f6nnen. \u201eWir halten kein Patentrezept f\u00fcr gute Erziehung bereit. Aber mit \u00e2\u20ac\u02dcTriple P Teens\u00e2\u20ac\u02dc k\u00f6nnen wir ein erprobtes Konzept anbieten, das weltweit angewandt wird und Eltern dabei hilft, sich ihrer Aufgabe und F\u00e4higkeiten bewusst zu werden\u201c, unterstreicht Katharina Bauer.<\/p>\n<p>Die akkreditierte \u201eTriple P\u201c-Trainerin begleitet Eltern in einem insgesamt achtw\u00f6chigen Gruppenkurs. \u201eAnfangs wird der Fokus bewusst auf die Eltern gelenkt. Wer zum Beispiel die Erwartung hat, dass das eigene Kind nicht l\u00fcgen soll, muss sich auch nach seiner Vorbildfunktion fragen. Ehrlichkeit vom Kind erwarten und sich beispielsweise selbst am Telefon verleugnen zu lassen, passt nicht zusammen.\u201c Sp\u00e4ter r\u00fcckt die Beziehung zum Kind ins Zentrum der Arbeit. Dabei geht es darum, sich auf Augenh\u00f6he zu begegnen. \u201eAuch Jugendliche brauchen Aufmerksamkeit. Eltern sollten konkret nachfragen, welche Themen die Kinder besch\u00e4ftigen und welche Meinung sie dazu vertreten\u201c, ermuntert die Diplom-Psychologin. Erst danach wird der Umgang mit Problemverhalten er\u00f6rtert.<\/p>\n<p>Hierbei geht es insbesondere darum, die Probleml\u00f6sungskompetenz der Kinder zu st\u00e4rken. Etwa indem Kinder selbst Vorschl\u00e4ge machen sollen, wie sie ihre Freizeitaktivit\u00e4ten organisieren m\u00f6chten. Ganz im Sinne der positiven Erziehung steht dabei stets der Lerneffekt im Vordergrund. Dieser ist ganz stark vom Verhalten der Eltern abh\u00e4ngig. \u201eBei Nichteinhaltung von Absprachen sollten Eltern konsequent sein, aber nicht bestrafen. Denn aus Strafen lernen Kinder nicht, aus Konsequenz schon.\u201c<\/p>\n<p>Nach den ersten Gruppenstunden werden die Familien individuell und telefonisch betreut. Am Ende des Programms steht eine letzte Gruppensitzung. Der Erfahrungsaustausch in dieser Sitzung zeigt, dass es den Eltern durch Aufmerksamkeit, Konsequenz und Best\u00e4rken positiver Eigenschaften innerhalb kurzer Zeit gelingen kann, eine neue und vertrauensvolle Beziehung zu ihrem Kind aufzubauen. Die noch zu Beginn des Kurses h\u00e4ufig empfundene Distanz zum eigenen Kind kann dadurch vielfach aufgel\u00f6st, und die Gr\u00e4ben k\u00f6nnen gemeinsam \u00fcberwunden werden.<\/p>\n","protected":false},"excerpt":{"rendered":"<div class=\"tmnf_excerpt\"><p>\u201eIch wei\u00df nicht, wie es so weit kommen konnte \u2013 aber ich erreiche mein Kind einfach nicht mehr\u201c, h\u00f6rt Katharina Bauer, Mitarbeiterin der Beratungsstelle des Landkreises Fulda f\u00fcr Eltern, Kinder und Jugendliche, h\u00e4ufig. Dabei sind die Gr\u00e4ben zwischen Eltern und Kind nach Erfahrung der Diplom-Psychologin vielfach gar nicht so tief. Vielmehr ist im Familienalltag schlichtweg &hellip;<\/p>\n<\/div>","protected":false},"author":1,"featured_media":155393,"comment_status":"closed","ping_status":"closed","sticky":false,"template":"","format":"standard","meta":{"footnotes":""},"categories":[1],"tags":[],"class_list":["post-155387","post","type-post","status-publish","format-standard","has-post-thumbnail","hentry","category-startseite"],"_links":{"self":[{"href":"https:\/\/www.fuldaernachrichten.de\/index.php?rest_route=\/wp\/v2\/posts\/155387","targetHints":{"allow":["GET"]}}],"collection":[{"href":"https:\/\/www.fuldaernachrichten.de\/index.php?rest_route=\/wp\/v2\/posts"}],"about":[{"href":"https:\/\/www.fuldaernachrichten.de\/index.php?rest_route=\/wp\/v2\/types\/post"}],"author":[{"embeddable":true,"href":"https:\/\/www.fuldaernachrichten.de\/index.php?rest_route=\/wp\/v2\/users\/1"}],"replies":[{"embeddable":true,"href":"https:\/\/www.fuldaernachrichten.de\/index.php?rest_route=%2Fwp%2Fv2%2Fcomments&post=155387"}],"version-history":[{"count":1,"href":"https:\/\/www.fuldaernachrichten.de\/index.php?rest_route=\/wp\/v2\/posts\/155387\/revisions"}],"predecessor-version":[{"id":155394,"href":"https:\/\/www.fuldaernachrichten.de\/index.php?rest_route=\/wp\/v2\/posts\/155387\/revisions\/155394"}],"wp:featuredmedia":[{"embeddable":true,"href":"https:\/\/www.fuldaernachrichten.de\/index.php?rest_route=\/wp\/v2\/media\/155393"}],"wp:attachment":[{"href":"https:\/\/www.fuldaernachrichten.de\/index.php?rest_route=%2Fwp%2Fv2%2Fmedia&parent=155387"}],"wp:term":[{"taxonomy":"category","embeddable":true,"href":"https:\/\/www.fuldaernachrichten.de\/index.php?rest_route=%2Fwp%2Fv2%2Fcategories&post=155387"},{"taxonomy":"post_tag","embeddable":true,"href":"https:\/\/www.fuldaernachrichten.de\/index.php?rest_route=%2Fwp%2Fv2%2Ftags&post=155387"}],"curies":[{"name":"wp","href":"https:\/\/api.w.org\/{rel}","templated":true}]}}