{"id":155386,"date":"2016-09-21T16:51:38","date_gmt":"2016-09-21T14:51:38","guid":{"rendered":"http:\/\/www.fuldaer-nachrichten.de\/?p=155386"},"modified":"2016-09-21T16:51:38","modified_gmt":"2016-09-21T14:51:38","slug":"erstmals-weisswurstkoenigin-zu-gast-beim-rhoener-wurstmarkt","status":"publish","type":"post","link":"https:\/\/www.fuldaernachrichten.de\/?p=155386","title":{"rendered":"Erstmals Wei\u00dfwurstk\u00f6nigin zu Gast beim Rh\u00f6ner Wurstmarkt"},"content":{"rendered":"<p>Was links und rechts der Rh\u00f6n in Sachen Wurst passiert, k\u00f6nnen Besucher des Rh\u00f6ner Wurstmarkts seit der ersten Veranstaltung bei ausgew\u00e4hlten Gastregionen und Gastl\u00e4ndern beobachten. Als besonderen Genuss bietet die Stadt Ostheim v.d. Rh\u00f6n bei der achten Auflage ihres Feinschmecker-Events Wei\u00dfwurst-Seminare ihrer s\u00fcddeutschen Metzgerkollegen an. Zur Kr\u00f6nung besucht die Wei\u00dfwurstk\u00f6nigin Luisa I. den Luftkurort.<\/p>\n<p>Wer schnell ist, ergattert einen der raren Pl\u00e4tze bei den Wei\u00dfwurst-Seminaren am Samstag und Sonntag um 14 und 16 Uhr. Der Referent Albert (Bertl) Fritz aus Zwiesel tr\u00e4gt den klangvollen Titel \u201eAmtierender Bayerischer\u00c2\u00a0Wei\u00dfwurstbotschafter der K\u00f6niglichen Wei\u00dfwurstschule Bayerischer Wald\u201c. Ihm zur Seite steht Metzgerkollege Stefan Einsle von der gleichnamigen Metzgerei. Treffpunkt f\u00fcr alle Liebhaber der traditionsreichen Wurstspezialit\u00e4t aus dem S\u00fcden Bayerns ist die Metzgerei Ortlepp im Rh\u00f6n-Markt direkt an der Marktstra\u00dfe und Schlemmermeile des Wurstmarkts.<\/p>\n<p>In rund 45 Minuten erfahren Interessenten Wissenswertes zur Geschichte und Produktion der Wei\u00dfwurst und verkosten diese bei einer gem\u00fctlichen Brotzeit mit z\u00fcnftiger Breze und einem Wei\u00dfbier (auch alkoholfrei). Die Schutzgeb\u00fchr betr\u00e4gt 10,00 \u00e2\u201a\u00ac pro Person. Anmeldungen nimmt die Tourist-Info unter Tel. 09777 18 50, tourismus@ostheim.de entgegen. Sollten noch Pl\u00e4tze frei sein, sind Anmeldungen w\u00e4hrend des Wurstmarkts am Stand der Tourist-Info (vor dem Rathaus) m\u00f6glich.<\/p>\n<p>Die vor kurzem gek\u00fcrte Wei\u00dfwurstk\u00f6nigin Luisa I. ist eine waschechte Fr\u00e4nkin aus W\u00fcrzburg. Im elterlichen Metzgereibetrieb hat sie ihre Liebe zur Wurst entdeckt. Ihre Begeisterung f\u00fcr die Wei\u00dfwurst entstand in ihrer Wahlheimat Bodenmais im Bayerischen Wald. Hier fanden auch die Wahlen zur Wei\u00dfwurstk\u00f6nigin statt. Wer die h\u00fcbsche Repr\u00e4sentantin des Metzgerhandwerks kennenlernen m\u00f6chte, hat dazu am Wurstmarkt-Samstag Gelegenheit. Sie wird Autogrammstunden geben und auch bei den Wei\u00dfwurst-Seminaren zugegen sein.<\/p>\n","protected":false},"excerpt":{"rendered":"<div class=\"tmnf_excerpt\"><p>Was links und rechts der Rh\u00f6n in Sachen Wurst passiert, k\u00f6nnen Besucher des Rh\u00f6ner Wurstmarkts seit der ersten Veranstaltung bei ausgew\u00e4hlten Gastregionen und Gastl\u00e4ndern beobachten. Als besonderen Genuss bietet die Stadt Ostheim v.d. Rh\u00f6n bei der achten Auflage ihres Feinschmecker-Events Wei\u00dfwurst-Seminare ihrer s\u00fcddeutschen Metzgerkollegen an. Zur Kr\u00f6nung besucht die Wei\u00dfwurstk\u00f6nigin Luisa I. den Luftkurort. Wer &hellip;<\/p>\n<\/div>","protected":false},"author":1,"featured_media":155391,"comment_status":"closed","ping_status":"closed","sticky":false,"template":"","format":"standard","meta":{"footnotes":""},"categories":[1],"tags":[],"class_list":["post-155386","post","type-post","status-publish","format-standard","has-post-thumbnail","hentry","category-startseite"],"_links":{"self":[{"href":"https:\/\/www.fuldaernachrichten.de\/index.php?rest_route=\/wp\/v2\/posts\/155386","targetHints":{"allow":["GET"]}}],"collection":[{"href":"https:\/\/www.fuldaernachrichten.de\/index.php?rest_route=\/wp\/v2\/posts"}],"about":[{"href":"https:\/\/www.fuldaernachrichten.de\/index.php?rest_route=\/wp\/v2\/types\/post"}],"author":[{"embeddable":true,"href":"https:\/\/www.fuldaernachrichten.de\/index.php?rest_route=\/wp\/v2\/users\/1"}],"replies":[{"embeddable":true,"href":"https:\/\/www.fuldaernachrichten.de\/index.php?rest_route=%2Fwp%2Fv2%2Fcomments&post=155386"}],"version-history":[{"count":1,"href":"https:\/\/www.fuldaernachrichten.de\/index.php?rest_route=\/wp\/v2\/posts\/155386\/revisions"}],"predecessor-version":[{"id":155392,"href":"https:\/\/www.fuldaernachrichten.de\/index.php?rest_route=\/wp\/v2\/posts\/155386\/revisions\/155392"}],"wp:featuredmedia":[{"embeddable":true,"href":"https:\/\/www.fuldaernachrichten.de\/index.php?rest_route=\/wp\/v2\/media\/155391"}],"wp:attachment":[{"href":"https:\/\/www.fuldaernachrichten.de\/index.php?rest_route=%2Fwp%2Fv2%2Fmedia&parent=155386"}],"wp:term":[{"taxonomy":"category","embeddable":true,"href":"https:\/\/www.fuldaernachrichten.de\/index.php?rest_route=%2Fwp%2Fv2%2Fcategories&post=155386"},{"taxonomy":"post_tag","embeddable":true,"href":"https:\/\/www.fuldaernachrichten.de\/index.php?rest_route=%2Fwp%2Fv2%2Ftags&post=155386"}],"curies":[{"name":"wp","href":"https:\/\/api.w.org\/{rel}","templated":true}]}}