{"id":155377,"date":"2016-09-21T16:50:04","date_gmt":"2016-09-21T14:50:04","guid":{"rendered":"http:\/\/www.fuldaer-nachrichten.de\/?p=155377"},"modified":"2016-09-21T16:50:04","modified_gmt":"2016-09-21T14:50:04","slug":"schreinerei-muenkel-spendet-fuer-ambinius","status":"publish","type":"post","link":"https:\/\/www.fuldaernachrichten.de\/?p=155377","title":{"rendered":"Schreinerei M\u00fcnkel spendet f\u00fcr ambinius"},"content":{"rendered":"<p>\u201eEs ist uns wichtig, den\u00c2\u00a0 Austausch zwischen den Generationen zu f\u00f6rdern\u201c, erkl\u00e4rt J\u00fcrgen M\u00fcnkel, Gesch\u00e4ftsf\u00fchrer der Schreinerei M\u00fcnkel GmbH. Um das Projekt \u201eambinius \u2013 die KITA PLUS \u2013 jung und alt\u201c zu unterst\u00fctzen, hat die Schreinerei aus Eiterfeld 5.000 Euro f\u00fcr den Umbau der neuen R\u00e4umlichkeiten gespendet. \u201eMit ambinius setzen wir uns f\u00fcr ein generationen\u00fcbergreifendes Projekt f\u00fcr Jung und Alt ein. Das ist uns wichtig \u2013 Denn auch wir als Schreinerei setzen auf nachhaltiges Arbeiten\u201c, so M\u00fcnkel am Freitag (16.09.2016) auf dem Gel\u00e4nde von antonius \u2013 Netzwerk Mensch in Fulda.<\/p>\n<p>\u201eambinius\u201c steht f\u00fcr die Verbindung von Kindern und Senioren in der Region Fulda. Es ist ein Angebot f\u00fcr Jung und Alt, Zeit miteinander zu verbringen, voneinander zu lernen und sich gegenseitig zu unterst\u00fctzen. Dieses Vorhaben ist innovativ, zukunftsorientiert und das aktuelle Projekt der St. Antonius-Stiftung. Bei ambinius erlebt jeder das Gef\u00fchl, n\u00fctzlich zu sein und gebraucht zu werden. Das Selbstwertgef\u00fchl \u00e4lterer Menschen wird erhalten und das junger Menschen positiv gepr\u00e4gt.<\/p>\n<p>Foto: hintere Reihe von rechts: Gerhard M\u00f6ller, Vorsitzender St. Antonius-Stiftung, G\u00fcnter Habig, Prokurist antonius, J\u00fcrgen M\u00fcnkel, Sabrina Rehm, Leiterin KITA und ambinius, Andreas Hoeser, Leitungsteam antonius mit Kindern und Mitarbeitern aus der antonius KITA<\/p>\n","protected":false},"excerpt":{"rendered":"<div class=\"tmnf_excerpt\"><p>\u201eEs ist uns wichtig, den\u00c2\u00a0 Austausch zwischen den Generationen zu f\u00f6rdern\u201c, erkl\u00e4rt J\u00fcrgen M\u00fcnkel, Gesch\u00e4ftsf\u00fchrer der Schreinerei M\u00fcnkel GmbH. Um das Projekt \u201eambinius \u2013 die KITA PLUS \u2013 jung und alt\u201c zu unterst\u00fctzen, hat die Schreinerei aus Eiterfeld 5.000 Euro f\u00fcr den Umbau der neuen R\u00e4umlichkeiten gespendet. \u201eMit ambinius setzen wir uns f\u00fcr ein generationen\u00fcbergreifendes &hellip;<\/p>\n<\/div>","protected":false},"author":1,"featured_media":155383,"comment_status":"closed","ping_status":"closed","sticky":false,"template":"","format":"standard","meta":{"footnotes":""},"categories":[1],"tags":[],"class_list":["post-155377","post","type-post","status-publish","format-standard","has-post-thumbnail","hentry","category-startseite"],"_links":{"self":[{"href":"https:\/\/www.fuldaernachrichten.de\/index.php?rest_route=\/wp\/v2\/posts\/155377","targetHints":{"allow":["GET"]}}],"collection":[{"href":"https:\/\/www.fuldaernachrichten.de\/index.php?rest_route=\/wp\/v2\/posts"}],"about":[{"href":"https:\/\/www.fuldaernachrichten.de\/index.php?rest_route=\/wp\/v2\/types\/post"}],"author":[{"embeddable":true,"href":"https:\/\/www.fuldaernachrichten.de\/index.php?rest_route=\/wp\/v2\/users\/1"}],"replies":[{"embeddable":true,"href":"https:\/\/www.fuldaernachrichten.de\/index.php?rest_route=%2Fwp%2Fv2%2Fcomments&post=155377"}],"version-history":[{"count":1,"href":"https:\/\/www.fuldaernachrichten.de\/index.php?rest_route=\/wp\/v2\/posts\/155377\/revisions"}],"predecessor-version":[{"id":155384,"href":"https:\/\/www.fuldaernachrichten.de\/index.php?rest_route=\/wp\/v2\/posts\/155377\/revisions\/155384"}],"wp:featuredmedia":[{"embeddable":true,"href":"https:\/\/www.fuldaernachrichten.de\/index.php?rest_route=\/wp\/v2\/media\/155383"}],"wp:attachment":[{"href":"https:\/\/www.fuldaernachrichten.de\/index.php?rest_route=%2Fwp%2Fv2%2Fmedia&parent=155377"}],"wp:term":[{"taxonomy":"category","embeddable":true,"href":"https:\/\/www.fuldaernachrichten.de\/index.php?rest_route=%2Fwp%2Fv2%2Fcategories&post=155377"},{"taxonomy":"post_tag","embeddable":true,"href":"https:\/\/www.fuldaernachrichten.de\/index.php?rest_route=%2Fwp%2Fv2%2Ftags&post=155377"}],"curies":[{"name":"wp","href":"https:\/\/api.w.org\/{rel}","templated":true}]}}