{"id":155360,"date":"2016-09-21T16:45:32","date_gmt":"2016-09-21T14:45:32","guid":{"rendered":"http:\/\/www.fuldaer-nachrichten.de\/?p=155360"},"modified":"2016-09-21T16:45:32","modified_gmt":"2016-09-21T14:45:32","slug":"infotag-demenztag","status":"publish","type":"post","link":"https:\/\/www.fuldaernachrichten.de\/?p=155360","title":{"rendered":"Infotag Demenztag"},"content":{"rendered":"<p>\u00dcber Demenz wird zunehmend in den Medien berichtet. Betroffen sind nicht nur die Erkrankten selbst, sondern ebenso das soziale Umfeld und besonders die Angeh\u00f6rigen. Im Rahmen eines \u201eInformationstages Demenz\u201c am Samstag, 24. September, in der Aula der Alten Universit\u00e4t (Dalbergschule) in Fulda stellen sich die Akteure des Demenzforums an Infost\u00e4nden mit ihren Unterst\u00fctzungs- und Entlastungsm\u00f6glichkeiten vor.<\/p>\n<p>Mit der Veranstaltung wollen die Organisatoren Mut machen, sich mit dieser besonderen Lebenssituation auseinander zu setzen. Alle am Thema Interessierten sind herzlich eingeladen. Die Teilnahme ist kostenlos.<\/p>\n<p>Das Programm:<br \/>\n10.00 Uhr:\u00c2\u00a0 Er\u00f6ffnung<br \/>\nBegr\u00fc\u00dfung mit Gru\u00dfwort des Schirmherrn Oberb\u00fcrgermeister Dr. Wingenfeld<\/p>\n<p>10.30 Uhr: Referat zum Thema \u201eDemenz \u2013 Medizinische Grundlagen und L\u00f6sungsvorschl\u00e4ge im Alltag\u201c von Dr. med. Bernhard Kie\u00dfling und M. Sc. Psych. Annika Wittig (Klinikum Fulda)<\/p>\n<p>11.15 Uhr: Referat zum Thema \u201eAkuterkrankungen bei Demenz\u201c von Dr. med. Martin Klek (Herz-Jesu-Krankenhaus)<\/p>\n<p>12.00 Uhr Kaffeepause<\/p>\n<p>12.45 Uhr: Referat zum Thema \u201eLeistungen der Pflegeversicherung f\u00fcr Demenzkranke\u201c von Martin Kersting (Pflegest\u00fctzpunkt)<\/p>\n<p>13.15 Uhr: M\u00f6glichkeit zum Austausch und Information an den St\u00e4nden<br \/>\n14.00 Uhr: Ende der Veranstaltung<\/p>\n<p>Mitwirkende Institutionen des Informationstages: Landkreis Fulda (Pflegest\u00fctzpunkt\/Betreuungsbeh\u00f6rde), Stadt Fulda (Seniorenb\u00fcro), DemenzForum Fulda, Klinikum Fulda (Gerontopsychiatrische Institutsambulanz\/Ged\u00e4chtnissprechstunde), Herz-Jesu-Krankenhaus Fulda, Capio Franz von Pr\u00fcmmer Klinik Bad Br\u00fcckenau, Compass Pflegeberatung (Pflegeberatung der Privatkassen), Sozialverband VdK (Betreuungsverein\/Kreisverband), Betreuungsvereine Fulda (AWO, SkF, VdK), Unternehmensgruppe Mediana, Haus Bethanien (H\u00fcnfeld), Regionalverband Caritas Fulda, Herbstzeit e.V., Ergotherapie\/Logop\u00e4die am Rosengarten, Amadeus Ambulanter Pflegedienst, Malteser Hilfsdienst \u2013 \u201eCafe Malta\u201c, Pflegeteam Rh\u00f6nstern, Pflegeprofis Hauneland<\/p>\n","protected":false},"excerpt":{"rendered":"<div class=\"tmnf_excerpt\"><p>\u00dcber Demenz wird zunehmend in den Medien berichtet. Betroffen sind nicht nur die Erkrankten selbst, sondern ebenso das soziale Umfeld und besonders die Angeh\u00f6rigen. Im Rahmen eines \u201eInformationstages Demenz\u201c am Samstag, 24. September, in der Aula der Alten Universit\u00e4t (Dalbergschule) in Fulda stellen sich die Akteure des Demenzforums an Infost\u00e4nden mit ihren Unterst\u00fctzungs- und Entlastungsm\u00f6glichkeiten &hellip;<\/p>\n<\/div>","protected":false},"author":1,"featured_media":155367,"comment_status":"closed","ping_status":"closed","sticky":false,"template":"","format":"standard","meta":{"footnotes":""},"categories":[1],"tags":[],"class_list":["post-155360","post","type-post","status-publish","format-standard","has-post-thumbnail","hentry","category-startseite"],"_links":{"self":[{"href":"https:\/\/www.fuldaernachrichten.de\/index.php?rest_route=\/wp\/v2\/posts\/155360","targetHints":{"allow":["GET"]}}],"collection":[{"href":"https:\/\/www.fuldaernachrichten.de\/index.php?rest_route=\/wp\/v2\/posts"}],"about":[{"href":"https:\/\/www.fuldaernachrichten.de\/index.php?rest_route=\/wp\/v2\/types\/post"}],"author":[{"embeddable":true,"href":"https:\/\/www.fuldaernachrichten.de\/index.php?rest_route=\/wp\/v2\/users\/1"}],"replies":[{"embeddable":true,"href":"https:\/\/www.fuldaernachrichten.de\/index.php?rest_route=%2Fwp%2Fv2%2Fcomments&post=155360"}],"version-history":[{"count":1,"href":"https:\/\/www.fuldaernachrichten.de\/index.php?rest_route=\/wp\/v2\/posts\/155360\/revisions"}],"predecessor-version":[{"id":155368,"href":"https:\/\/www.fuldaernachrichten.de\/index.php?rest_route=\/wp\/v2\/posts\/155360\/revisions\/155368"}],"wp:featuredmedia":[{"embeddable":true,"href":"https:\/\/www.fuldaernachrichten.de\/index.php?rest_route=\/wp\/v2\/media\/155367"}],"wp:attachment":[{"href":"https:\/\/www.fuldaernachrichten.de\/index.php?rest_route=%2Fwp%2Fv2%2Fmedia&parent=155360"}],"wp:term":[{"taxonomy":"category","embeddable":true,"href":"https:\/\/www.fuldaernachrichten.de\/index.php?rest_route=%2Fwp%2Fv2%2Fcategories&post=155360"},{"taxonomy":"post_tag","embeddable":true,"href":"https:\/\/www.fuldaernachrichten.de\/index.php?rest_route=%2Fwp%2Fv2%2Ftags&post=155360"}],"curies":[{"name":"wp","href":"https:\/\/api.w.org\/{rel}","templated":true}]}}