{"id":155359,"date":"2016-09-21T16:45:01","date_gmt":"2016-09-21T14:45:01","guid":{"rendered":"http:\/\/www.fuldaer-nachrichten.de\/?p=155359"},"modified":"2016-09-21T16:45:01","modified_gmt":"2016-09-21T14:45:01","slug":"integrative-teenagerfreizeit-der-katholischen-jungen-gemeinde-fulda","status":"publish","type":"post","link":"https:\/\/www.fuldaernachrichten.de\/?p=155359","title":{"rendered":"Integrative Teenagerfreizeit der Katholischen jungen Gemeinde Fulda"},"content":{"rendered":"<p>Die integrative Teenagerfreizeit der Katholischen jungen Gemeinde Fulda (KjG) ist seit 2002 eine feste Gr\u00f6\u00dfe unter den Freizeiten des Verbandes und ein besonderes Beispiel f\u00fcr gelebte, gesellschaftliche Offenheit.<\/p>\n<p>Auch in diesem Jahr fand sie, mit 24 Teilnehmer*innen und 10 Betreuer*innen, fast schon traditionell, im Norden Deutschlands statt. Aufgrund der gro\u00dfen Entfernung zum Meer und des oft unberechenbaren Wetters, waren leider nur zwei Besuche am Strand m\u00f6glich. Der zweite Strandbesuch war jedoch ein absoluter Gl\u00fcckstreffer und f\u00fcr einige fast schon das Highlight der Freizeit. Mit diesem Sommertag konkurrierte der Besuch der Hansestadt Hamburg. Hier bot sich nach dem Besuch des Hamburger Michels und freier Zeit f\u00fcr eine kleine Shoppingtour der beeindruckende Anblick des Hamburger Hafens auf einer Schiffsrundfahrt. Auch das Haus und Gel\u00e4nde in Gro\u00df Thurow stellte vielseitige M\u00f6glichkeiten f\u00fcr sportliche Aktivit\u00e4ten, eine Wasserschlacht und beispielsweise einen Casino- oder Karaoke-Abend bereit. Sowohl die Wahrnehmung des Teams als auch die R\u00fcckmeldung der Teilnehmer*innen zum abwechslungsreichen Programm war \u00e4u\u00dferst positiv. Sogar der fehlende traditionelle Besuch in einem Freizeitpark stie\u00df wider Erwarten auf fast keine Kritik. So sind die Veranstalter auch dieses Jahr wieder zufrieden mit der I-Teen, bedanken sich bei allen Sponsoren und freuen sich auf das n\u00e4chste Jahr.<br \/>\nInformationen hierzu gibt es bei der KjG Di\u00f6zesanstelle Fulda, Tel. 0661\/87462 oder kjg@bistum-fulda.de.<\/p>\n","protected":false},"excerpt":{"rendered":"<div class=\"tmnf_excerpt\"><p>Die integrative Teenagerfreizeit der Katholischen jungen Gemeinde Fulda (KjG) ist seit 2002 eine feste Gr\u00f6\u00dfe unter den Freizeiten des Verbandes und ein besonderes Beispiel f\u00fcr gelebte, gesellschaftliche Offenheit. Auch in diesem Jahr fand sie, mit 24 Teilnehmer*innen und 10 Betreuer*innen, fast schon traditionell, im Norden Deutschlands statt. Aufgrund der gro\u00dfen Entfernung zum Meer und des &hellip;<\/p>\n<\/div>","protected":false},"author":1,"featured_media":155365,"comment_status":"closed","ping_status":"closed","sticky":false,"template":"","format":"standard","meta":{"footnotes":""},"categories":[1],"tags":[],"class_list":["post-155359","post","type-post","status-publish","format-standard","has-post-thumbnail","hentry","category-startseite"],"_links":{"self":[{"href":"https:\/\/www.fuldaernachrichten.de\/index.php?rest_route=\/wp\/v2\/posts\/155359","targetHints":{"allow":["GET"]}}],"collection":[{"href":"https:\/\/www.fuldaernachrichten.de\/index.php?rest_route=\/wp\/v2\/posts"}],"about":[{"href":"https:\/\/www.fuldaernachrichten.de\/index.php?rest_route=\/wp\/v2\/types\/post"}],"author":[{"embeddable":true,"href":"https:\/\/www.fuldaernachrichten.de\/index.php?rest_route=\/wp\/v2\/users\/1"}],"replies":[{"embeddable":true,"href":"https:\/\/www.fuldaernachrichten.de\/index.php?rest_route=%2Fwp%2Fv2%2Fcomments&post=155359"}],"version-history":[{"count":1,"href":"https:\/\/www.fuldaernachrichten.de\/index.php?rest_route=\/wp\/v2\/posts\/155359\/revisions"}],"predecessor-version":[{"id":155366,"href":"https:\/\/www.fuldaernachrichten.de\/index.php?rest_route=\/wp\/v2\/posts\/155359\/revisions\/155366"}],"wp:featuredmedia":[{"embeddable":true,"href":"https:\/\/www.fuldaernachrichten.de\/index.php?rest_route=\/wp\/v2\/media\/155365"}],"wp:attachment":[{"href":"https:\/\/www.fuldaernachrichten.de\/index.php?rest_route=%2Fwp%2Fv2%2Fmedia&parent=155359"}],"wp:term":[{"taxonomy":"category","embeddable":true,"href":"https:\/\/www.fuldaernachrichten.de\/index.php?rest_route=%2Fwp%2Fv2%2Fcategories&post=155359"},{"taxonomy":"post_tag","embeddable":true,"href":"https:\/\/www.fuldaernachrichten.de\/index.php?rest_route=%2Fwp%2Fv2%2Ftags&post=155359"}],"curies":[{"name":"wp","href":"https:\/\/api.w.org\/{rel}","templated":true}]}}