{"id":155357,"date":"2016-09-21T16:43:25","date_gmt":"2016-09-21T14:43:25","guid":{"rendered":"http:\/\/www.fuldaer-nachrichten.de\/?p=155357"},"modified":"2016-09-21T16:43:25","modified_gmt":"2016-09-21T14:43:25","slug":"tegut-gewinnt-zweimal-den-ausbilder-des-jahres-und-den-kreativcup-fuer-beste-ausbildung-2016","status":"publish","type":"post","link":"https:\/\/www.fuldaernachrichten.de\/?p=155357","title":{"rendered":"tegut\u00e2\u20ac\u00a6 gewinnt zweimal den \u201eAusbilder des Jahres\u201c und den KreativCup f\u00fcr beste Ausbildung 2016"},"content":{"rendered":"<p><a href=\"http:\/\/www.fuldaer-nachrichten.de\/wp-content\/uploads\/2016\/09\/tegut...-StrahlendeSieger_Martin-J\u00e4ger_Danny-Fischer_Benjamin-Br\u00e4hler.jpg\"><img decoding=\"async\" class=\"alignleft size-thumbnail wp-image-155362\" src=\"http:\/\/www.fuldaer-nachrichten.de\/wp-content\/uploads\/2016\/09\/tegut...-StrahlendeSieger_Martin-J\u00e4ger_Danny-Fischer_Benjamin-Br\u00e4hler-265x177.jpg\" alt=\"tegut-strahlendesieger_martin-jaeger_danny-fischer_benjamin-braehler\" width=\"265\" height=\"177\" \/><\/a>Am 15.09.2016 erhielt Danny Fischer den 1. Platz beim Wettbewerbspreis \u201eAusbilder des Jahres 2016\u201c in K\u00f6nigswinter bei Bonn. Der tegut\u00e2\u20ac\u00a6 Filialgesch\u00e4ftsf\u00fchrer aus Kahla \u00fcberzeugte in der Kategorie Super- und Verbraucherm\u00e4rkte durch herausragende Ausbildungsaktionen f\u00fcr wertsch\u00e4tzendes Miteinander. Den zweiten Platz belegte der Filialgesch\u00e4ftsf\u00fchrer Martin J\u00e4ger aus H\u00fcnfeld mit seinem Fokus auf fr\u00fchzeitiges Heranf\u00fchren an die \u00dcbernahme von Verantwortung. Das Auszubildendenprojekt \u201eEngel sein\u201c belegte den ersten Platz beim \u201eKreativCup 2016\u201c. Vier Monate lang war Einf\u00fchlungsverm\u00f6gen und Empathie gefragt, um den Fl\u00fcchtlingskindern der Fl\u00fcchtlingsunterkunft K\u00fcnzell in der besonderen Lebenssituation Orientierung zu geben.<\/p>\n<p>Team\u00fcbernachtung im Markt in Kahla sorgt f\u00fcr ein gutes Miteinander<\/p>\n<p>\u201eF\u00fcr mich ist es immer wichtig, dass sich meine Auszubildenden gut aufgehoben und in der Gemeinschaft respektiert f\u00fchlen\u201c, berichtet Fischer. So wurde nach einer Einheit Warenkunde zwischen den Regalen im Markt das Nachtlager mit Schlafsack und Zelt aufgeschlagen. Der Filialgesch\u00e4ftsf\u00fchrer steht mit Rat und Tat sowie gutem Beispiel zur Seite. Er selbst habe seine Ausbildung bei tegut\u00e2\u20ac\u00a6 begonnen und sich dann Schritt f\u00fcr Schritt mit Hilfe seiner Ausbilder bis zum Filialgesch\u00e4ftsf\u00fchrer entwickeln k\u00f6nnen.<\/p>\n<p>Mit positiver Stimmung selbstst\u00e4ndig werden \u2013 nicht nur in H\u00fcnfeld<\/p>\n<p>\u201eNur wenn die Arbeit Spa\u00df bringt und neugierig auf Neues macht, gelingt es, eine gute Ausbildung zu absolvieren. Hierbei versuche ich ein besonderes Vorbild zu sein\u201c, l\u00e4sst uns Filialgesch\u00e4ftsf\u00fchrer Martin J\u00e4ger wissen. Seine Hilfestellung beginnt mit intensiver Anleitung zu Beginn, geht \u00fcber ein offenes Ohr zu jeder Zeit und somit w\u00e4chst die Selbstst\u00e4ndigkeit der Auszubildenden. Unterst\u00fctzt werde dies durch Projekte wie Live-Cooking von Lieblingsgerichten und selbst organisierten Besuchen von Lieferanten und Produzenten.<\/p>\n<p>Auszubildende der Zentrale unterst\u00fctzen den Start von Fl\u00fcchtlingskindern in K\u00fcnzell<\/p>\n<p>Von M\u00e4rz bis Juni 2016 betreuten vier Auszubildende der tegut\u00e2\u20ac\u00a6 Zentrale acht Kinder der Fl\u00fcchtlingsunterkunft K\u00fcnzell mit Hausaufgabenhilfe, dem Erkl\u00e4ren der Br\u00e4uche in Deutschland in der Osterzeit oder zu Muttertag und gemeinsamen Bastel- und Spielaktionen. So wurde im spielerischen Miteinander Vertrauen aufgebaut und Grenzen \u00fcberwunden.<\/p>\n<p>Der bundesweite Branchenwettbewerb des Lebensmitteleinzelhandels wurde bereits zum 13. Mal vom Lebensmittel Praxis Verlag, Neuwied ausgeschrieben.<\/p>\n<p>\u00dcber tegut\u00e2\u20ac\u00a6<br \/>\nDie tegut&#8230; gute Lebensmittel GmbH &amp; Co. KG ist ein Handelsunternehmen mit rund 280 Lebensmittelm\u00e4rkten in Hessen, Th\u00fcringen, Bayern sowie G\u00f6ttingen, Mainz, Stuttgart und Ludwigsburg. Das Angebot frischer und \u00f6kologischer Lebensmittel, regionaler Bezug sowie Aus- und Weiterbildungsm\u00f6glichkeiten der Mitarbeitenden stehen im Fokus des Vollsortimenters. tegut\u00e2\u20ac\u00a6 bietet seinen Kunden rund 25 000 Produkte (g\u00e4ngige Markenprodukte sowie Eigenmarken in den Preis- und Qualit\u00e4tsstufen tegut\u00e2\u20ac\u00a6 kleinster Preis, tegut\u00e2\u20ac\u00a6 Mehrwertmarke mit tegut\u00e2\u20ac\u00a6 Reinheitsversprechen, tegut\u00e2\u20ac\u00a6 vom Feinsten bis hin zu tegut\u00e2\u20ac\u00a6 Bio und der Vielzahl weiterer Bio-Lebensmittel von Markenherstellern). 1982 hat tegut\u00e2\u20ac\u00a6 erstmals Bio-Lebensmittel in sein Sortiment aufgenommen und erwirtschaftet heute mit \u00fcber 3000 Produkten 25 Prozent seines Umsatzes.<br \/>\ntegut\u00e2\u20ac\u00a6 betreibt derzeit drei unterschiedliche Konzepte: 123 Superm\u00e4rkte (in Eigenregie mit 800 m2 bis 2500 m2 Verkaufsfl\u00e4che als Vollsortimenter mit bis zu 25 000 Artikeln), 126 inhabergef\u00fchrte Nahversorger (mit bis zu 800 m2 Verkaufsfl\u00e4che und rund 7500 angebotenen Artikeln) sowie 27 \u201etegut&#8230; L\u00e4dchen f\u00fcr alles\u201c (ab 120 m2 auf dem Land und in Stadtquartieren mit rund 4200 Produkten zur Nahversorgung). Seit 2013 ist tegut\u00e2\u20ac\u00a6 ein Teil der Genossenschaft Migros Z\u00fcrich. 2015 bel\u00e4uft sich der Netto-Umsatz auf 980,9 Mio. Euro (Vorjahr 970,0 Mio. Euro). Die Fl\u00e4chenproduktivit\u00e4t wurde 2015 um 2% gesteigert. Insgesamt sind 5.500 Menschen in den M\u00e4rkten, den Logistikzentren und den Zentralen Diensten in Fulda f\u00fcr tegut&#8230; t\u00e4tig.<\/p>\n","protected":false},"excerpt":{"rendered":"<div class=\"tmnf_excerpt\"><p>Am 15.09.2016 erhielt Danny Fischer den 1. Platz beim Wettbewerbspreis \u201eAusbilder des Jahres 2016\u201c in K\u00f6nigswinter bei Bonn. Der tegut\u00e2\u20ac\u00a6 Filialgesch\u00e4ftsf\u00fchrer aus Kahla \u00fcberzeugte in der Kategorie Super- und Verbraucherm\u00e4rkte durch herausragende Ausbildungsaktionen f\u00fcr wertsch\u00e4tzendes Miteinander. Den zweiten Platz belegte der Filialgesch\u00e4ftsf\u00fchrer Martin J\u00e4ger aus H\u00fcnfeld mit seinem Fokus auf fr\u00fchzeitiges Heranf\u00fchren an die \u00dcbernahme &hellip;<\/p>\n<\/div>","protected":false},"author":1,"featured_media":155361,"comment_status":"closed","ping_status":"closed","sticky":false,"template":"","format":"standard","meta":{"footnotes":""},"categories":[1],"tags":[],"class_list":["post-155357","post","type-post","status-publish","format-standard","has-post-thumbnail","hentry","category-startseite"],"_links":{"self":[{"href":"https:\/\/www.fuldaernachrichten.de\/index.php?rest_route=\/wp\/v2\/posts\/155357","targetHints":{"allow":["GET"]}}],"collection":[{"href":"https:\/\/www.fuldaernachrichten.de\/index.php?rest_route=\/wp\/v2\/posts"}],"about":[{"href":"https:\/\/www.fuldaernachrichten.de\/index.php?rest_route=\/wp\/v2\/types\/post"}],"author":[{"embeddable":true,"href":"https:\/\/www.fuldaernachrichten.de\/index.php?rest_route=\/wp\/v2\/users\/1"}],"replies":[{"embeddable":true,"href":"https:\/\/www.fuldaernachrichten.de\/index.php?rest_route=%2Fwp%2Fv2%2Fcomments&post=155357"}],"version-history":[{"count":1,"href":"https:\/\/www.fuldaernachrichten.de\/index.php?rest_route=\/wp\/v2\/posts\/155357\/revisions"}],"predecessor-version":[{"id":155363,"href":"https:\/\/www.fuldaernachrichten.de\/index.php?rest_route=\/wp\/v2\/posts\/155357\/revisions\/155363"}],"wp:featuredmedia":[{"embeddable":true,"href":"https:\/\/www.fuldaernachrichten.de\/index.php?rest_route=\/wp\/v2\/media\/155361"}],"wp:attachment":[{"href":"https:\/\/www.fuldaernachrichten.de\/index.php?rest_route=%2Fwp%2Fv2%2Fmedia&parent=155357"}],"wp:term":[{"taxonomy":"category","embeddable":true,"href":"https:\/\/www.fuldaernachrichten.de\/index.php?rest_route=%2Fwp%2Fv2%2Fcategories&post=155357"},{"taxonomy":"post_tag","embeddable":true,"href":"https:\/\/www.fuldaernachrichten.de\/index.php?rest_route=%2Fwp%2Fv2%2Ftags&post=155357"}],"curies":[{"name":"wp","href":"https:\/\/api.w.org\/{rel}","templated":true}]}}