{"id":155346,"date":"2016-09-21T16:41:33","date_gmt":"2016-09-21T14:41:33","guid":{"rendered":"http:\/\/www.fuldaer-nachrichten.de\/?p=155346"},"modified":"2016-09-21T16:41:33","modified_gmt":"2016-09-21T14:41:33","slug":"erzaehlwerkstatt-und-orgelmaerchen-veranstaltet-durch-die-buergerstiftung-grossenlueder","status":"publish","type":"post","link":"https:\/\/www.fuldaernachrichten.de\/?p=155346","title":{"rendered":"Erz\u00e4hlwerkstatt und Orgelm\u00e4rchen, veranstaltet durch die B\u00fcrgerstiftung Gro\u00dfenl\u00fcder"},"content":{"rendered":"<p>Im Rahmen des seit mehreren Jahren laufenden Erz\u00e4hl- und Vorleseprojektes organisierte die B\u00fcrgerstiftung Gro\u00dfenl\u00fcder zwei erfolgreiche Veranstaltungen:<br \/>\nEine Erz\u00e4hlwerkstatt f\u00fcr Fachkr\u00e4fte aus Kindertagesst\u00e4tten und Schulen sowie ein Orgelm\u00e4rchen f\u00fcr Menschen von f\u00fcnf bis hunderf\u00fcnf.<\/p>\n<p>Mit dabei war wieder die Profierz\u00e4hlerin Gudrun Rathke, die in der Region keine Unbekannt ist. \u201eErz\u00e4hlen kann jede und jeder von uns und Kinder k\u00f6nnen das auch\u201c, so ihre Botschaft an die Fachkr\u00e4fte, die \u201edie Geschichten, die auf der Stra\u00dfe liegen, nur aufheben m\u00fcssen.\u201c Und so \u00f6ffnete sie einen ihrer zahlreichen Koffer und kam durch die verschiedenen Materialien sehr schnell mit den Beteiligten ins Lachen und ins Erz\u00e4hlen. Dabei gab sie wichtige Ratschl\u00e4ge, wie das neue Fachwissen in den Einrichtungen mit den Kindern umgesetzt werden kann.<br \/>\nNeben der Freude am gemeinsamen Erfinden von Geschichten k\u00f6nnen sich Sprach- und Zuh\u00f6rf\u00e4higkeiten entwickeln.<\/p>\n<p>Heike M\u00fcnker, Vorstandsmitglied der B\u00fcrgerstiftung Gro\u00dfenl\u00fcder: \u201eDie Teilnehmer der Erz\u00e4hlwerkstatt erhielten viele Inputs f\u00fcr ihren Arbeitsalltag mit Kindern und die B\u00fcrgerstiftung konnte mit dieser Fortbildung neue Impuls setzen und das Thema \u201eErz\u00e4hlen\u201c mit Spa\u00df an neue Menschen herantragen.\u201c<\/p>\n<p>Das Orgelm\u00e4rchen \u201eEin K\u00f6nigsschloss f\u00fcr die Musik\u201c fand in der Pfarrkirche St. Georg in Gro\u00dfenl\u00fcder statt. Gudrun Rathke braucht daf\u00fcr Kinder, Kocht\u00f6pfe, Federballschl\u00e4ger, eine Orgel und den Organisten Bernhardt Brand-Hofmeister. Die Orgel ist in der Pfarrkirche vorhanden, die Kinder sind mit Eltern und Gro\u00dfeltern der Einladung der B\u00fcrgerstiftung gefolgt, und die M\u00e4rchenerz\u00e4hlerin hat alles andere mitgebracht, um das von ihr geschriebene\u00c2\u00a0 M\u00e4rchen, wie die Orgel in die Welt kam, zu erz\u00e4hlen. Dabei halfen Kinder, die blitzschnell zu Zofen und K\u00f6che wurden und mit Kocht\u00f6pfen und Federballschl\u00e4ger mitwirkten.<\/p>\n<p>Die Orgel lie\u00df alle T\u00f6ne, die die Natur bereit h\u00e4lt, h\u00f6ren: das Rauschen des Baches, das Toben des Wasserfalles, der Ruf des Kuckucks, das Fallen der Regentropfen, der Gesang der Meise und des Zaunk\u00f6nigs, ja selbst der \u201ehimmlische Krach\u201c von Blitz und Donner tobte in der Kirche. Organist Brand-Hofmeister entlockte all diese\u00c2\u00a0 T\u00f6ne der Orgel und die Kinder lauschten hingebungsvoll.<br \/>\nBrand-Hofmeister nennt sein Spiel Lautmalerei und sieht darin eine Werbebotschaft f\u00fcr die Orgel: \u201eJedes Instrument hat eine eigene Seele. Die Orgel kann mit ihrer Seele erstaunliche Effekte erzielen.\u201c<\/p>\n<p>Einen H\u00f6hepunkt erlebten die Kinder zum Schluss, denn sie durften alle einmal ihre Finger auf die Orgeltasten legen und h\u00f6ren, welche T\u00f6ne sie selber produzierten.<\/p>\n<p>Gudrun Rathke erz\u00e4hlte das Orgelm\u00e4rchen und wurde von dem Organisten Bernhardt Brand-Hofmeister begleitet, der die Zuh\u00f6rer, \u00fcberwiegend Kinder, in eine Welt der Ger\u00e4usche mitnahm, die in Rathkes Geschichte vorkamen: das Rauschen des Baches, das Toben des Wasserfalles, der Ruf des Kuckucks, das Fallen der Regentropfen, der Gesang der Meise und des Zaunk\u00f6nigs, ja selbst der \u201ehimmlische Krach\u201c von Blitz und Donner tobte in der Kirche. Organist Brand-Hofmeister entlockte all diese\u00c2\u00a0 T\u00f6ne der Orgel und die Kinder lauschten hingebungsvoll.<\/p>\n","protected":false},"excerpt":{"rendered":"<div class=\"tmnf_excerpt\"><p>Im Rahmen des seit mehreren Jahren laufenden Erz\u00e4hl- und Vorleseprojektes organisierte die B\u00fcrgerstiftung Gro\u00dfenl\u00fcder zwei erfolgreiche Veranstaltungen: Eine Erz\u00e4hlwerkstatt f\u00fcr Fachkr\u00e4fte aus Kindertagesst\u00e4tten und Schulen sowie ein Orgelm\u00e4rchen f\u00fcr Menschen von f\u00fcnf bis hunderf\u00fcnf. Mit dabei war wieder die Profierz\u00e4hlerin Gudrun Rathke, die in der Region keine Unbekannt ist. \u201eErz\u00e4hlen kann jede und jeder von &hellip;<\/p>\n<\/div>","protected":false},"author":1,"featured_media":155350,"comment_status":"closed","ping_status":"closed","sticky":false,"template":"","format":"standard","meta":{"footnotes":""},"categories":[1],"tags":[],"class_list":["post-155346","post","type-post","status-publish","format-standard","has-post-thumbnail","hentry","category-startseite"],"_links":{"self":[{"href":"https:\/\/www.fuldaernachrichten.de\/index.php?rest_route=\/wp\/v2\/posts\/155346","targetHints":{"allow":["GET"]}}],"collection":[{"href":"https:\/\/www.fuldaernachrichten.de\/index.php?rest_route=\/wp\/v2\/posts"}],"about":[{"href":"https:\/\/www.fuldaernachrichten.de\/index.php?rest_route=\/wp\/v2\/types\/post"}],"author":[{"embeddable":true,"href":"https:\/\/www.fuldaernachrichten.de\/index.php?rest_route=\/wp\/v2\/users\/1"}],"replies":[{"embeddable":true,"href":"https:\/\/www.fuldaernachrichten.de\/index.php?rest_route=%2Fwp%2Fv2%2Fcomments&post=155346"}],"version-history":[{"count":1,"href":"https:\/\/www.fuldaernachrichten.de\/index.php?rest_route=\/wp\/v2\/posts\/155346\/revisions"}],"predecessor-version":[{"id":155356,"href":"https:\/\/www.fuldaernachrichten.de\/index.php?rest_route=\/wp\/v2\/posts\/155346\/revisions\/155356"}],"wp:featuredmedia":[{"embeddable":true,"href":"https:\/\/www.fuldaernachrichten.de\/index.php?rest_route=\/wp\/v2\/media\/155350"}],"wp:attachment":[{"href":"https:\/\/www.fuldaernachrichten.de\/index.php?rest_route=%2Fwp%2Fv2%2Fmedia&parent=155346"}],"wp:term":[{"taxonomy":"category","embeddable":true,"href":"https:\/\/www.fuldaernachrichten.de\/index.php?rest_route=%2Fwp%2Fv2%2Fcategories&post=155346"},{"taxonomy":"post_tag","embeddable":true,"href":"https:\/\/www.fuldaernachrichten.de\/index.php?rest_route=%2Fwp%2Fv2%2Ftags&post=155346"}],"curies":[{"name":"wp","href":"https:\/\/api.w.org\/{rel}","templated":true}]}}