{"id":155345,"date":"2016-09-21T16:39:51","date_gmt":"2016-09-21T14:39:51","guid":{"rendered":"http:\/\/www.fuldaer-nachrichten.de\/?p=155345"},"modified":"2016-09-21T16:39:51","modified_gmt":"2016-09-21T14:39:51","slug":"interessierte-senioren-als-leihgrosseltern-gesucht","status":"publish","type":"post","link":"https:\/\/www.fuldaernachrichten.de\/?p=155345","title":{"rendered":"Interessierte Senioren als Leihgro\u00dfeltern gesucht"},"content":{"rendered":"<p>Kinderaugen strahlen sehen, ein L\u00e4cheln geschenkt zu bekommen oder auch mal gemeinsam Drachen steigen zu lassen. Diese Dinge und vieles mehr erlebt Ursula Winkler in ihrem Ehrenamt als Leihgro\u00dfmutter.<br \/>\nSeit einem Jahr verbringt Winkler ein bis zwei Mal die Woche Zeit mit der kleinen Emma. Durch einen Zeitungsartikel hat die Leihgro\u00dfmutter von der ehrenamtlichen T\u00e4tigkeit erfahren. Sie hat keine eigenen Enkel, wollte aber gerne in Kontakt mit Kindern kommen.<br \/>\n\u201eDie Zeit, die ich mit der Kleinen verbringe, gibt mir so viel Lebensfreude zur\u00fcck und ich habe das Gef\u00fchl, die alleinerziehende Mutter etwas zu entlasten und zu unterst\u00fctzen\u201c, beschreibt Winkler.<br \/>\nDer Treffpunkt Aktiv des Landkreises Fulda baute in 2013 gemeinsam mit dem Verein Miteinander F\u00fcreinander Oberes Fuldatal e.\u00c2\u00a0V. das erste Leihgro\u00dfelternprojekt in der Region Fulda auf.<br \/>\n\u201eDie Nachfrage ist so gro\u00df, dass es ebenfalls auf weitere Regionen im Landkreis \u00fcbertragen wurde\u201c, wei\u00df Ann-Katrin Michel vom Treffpunkt Aktiv, Landkreis Fulda.<\/p>\n<p>Somit wird das Leihgro\u00dfeltern-Projekt im S\u00fcdwestkreis vom DRK Knotenpunkt, f\u00fcr die Region H\u00fcnfeld ebenfalls vom DRK und f\u00fcr die Gemeinden Gersfeld, Ebersburg und Ehrenberg vom Verein Miteinander F\u00fcreinander Oberes Fuldatal e.\u00c2\u00a0V. koordiniert.<\/p>\n<p>\u201eMomentan haben wir viele Anfragen von Eltern, die nach solch einer M\u00f6glichkeit der Betreuung suchen\u201c, berichtet Michael Schr\u00f6ter vom DRK Knotenpunkt. \u201eGenau deshalb suchen wir interessierte Senioren und Seniorinnen, die Lust an einer ehrenamtlichen T\u00e4tigkeit als Leihgro\u00dfvater oder Leihgro\u00dfmutter haben\u201c.<\/p>\n<p>Die Leihgro\u00dfeltern bekommen nat\u00fcrlich Unterst\u00fctzung seitens der Koordinierungsstellen. Wer Interesse hat, meldet sich dort und wird in einem pers\u00f6nlichen Gespr\u00e4ch beraten, gibt an, in welchem Stundenumfang eine ehrenamtliche T\u00e4tigkeit m\u00f6glich w\u00e4re und wie weit diese vom Heimatort entfernt sein darf.<\/p>\n<p>\u201eWichtig ist uns au\u00dferdem, dass die Leihgro\u00dfeltern die M\u00f6glichkeit bekommen sich zu qualifizieren um somit ihre Kompetenzen zu st\u00e4rken\u201c, so Michel. Die Qualifikation wird in einer Gruppe von 8 bis 15 Teilnehmern im Zeitumfang von 10 Stunden durchgef\u00fchrt. Dabei werden Themen wie Kommunikation, Empathie und Wertsch\u00e4tzung, Erste Hilfe und rechtliche Grundlagen vermittelt.<br \/>\nDie ehrenamtliche T\u00e4tigkeit als Leihgro\u00dfmutter tr\u00e4gt dazu bei, dass die 71-j\u00e4hrige Ursula Winkler weiterhin aktiv bleibt und wieder Aktivit\u00e4ten unternimmt, die sie zuletzt mit ihren eigenen Kindern gemacht hat. \u201eDie Zeit mit der kleinen Emma ist etwas ganz besonders und ihre leuchtenden Kinderaugen bringen auch mich zum Strahlen\u201c, so Winkler.<\/p>\n<p>Die Gemeinden des Regionalforums Fulda S\u00fcdwest m\u00f6chten den Auf- und Ausbau des Leihgro\u00dfeltern-Projektes auch in Bad Salzschlirf, Eichenzell, Flieden, Gro\u00dfenl\u00fcder, Hosenfeld, Kalbach und Neuhof unterst\u00fctzen und rufen daher Interessierte auf, sich mit den Koordinatoren in Verbindung zu setzen.<\/p>\n<p>Wer ebenfalls Interesse an einer ehrenamtlichen T\u00e4tigkeit als Leihgro\u00dfmutter oder Leihgro\u00dfvater hat, meldet sich bitte bei Ann-Katrin Michel vom Treffpunkt Aktiv des Landkreises Fulda unter 0661 6006-477 oder treffpunkt-aktiv@landkreis-fulda.de<\/p>\n<p>Oder direkt beim Ansprechpartner f\u00fcr die Region S\u00fcdwest: DRK Knotenpunkt, Karlstr. 13, 36037 Fulda, Telefon: 0661 90167496, E-Mail: knotenpunkt@drk-fulda.de<\/p>\n","protected":false},"excerpt":{"rendered":"<div class=\"tmnf_excerpt\"><p>Kinderaugen strahlen sehen, ein L\u00e4cheln geschenkt zu bekommen oder auch mal gemeinsam Drachen steigen zu lassen. Diese Dinge und vieles mehr erlebt Ursula Winkler in ihrem Ehrenamt als Leihgro\u00dfmutter. Seit einem Jahr verbringt Winkler ein bis zwei Mal die Woche Zeit mit der kleinen Emma. Durch einen Zeitungsartikel hat die Leihgro\u00dfmutter von der ehrenamtlichen T\u00e4tigkeit &hellip;<\/p>\n<\/div>","protected":false},"author":1,"featured_media":155348,"comment_status":"closed","ping_status":"closed","sticky":false,"template":"","format":"standard","meta":{"footnotes":""},"categories":[1],"tags":[],"class_list":["post-155345","post","type-post","status-publish","format-standard","has-post-thumbnail","hentry","category-startseite"],"_links":{"self":[{"href":"https:\/\/www.fuldaernachrichten.de\/index.php?rest_route=\/wp\/v2\/posts\/155345","targetHints":{"allow":["GET"]}}],"collection":[{"href":"https:\/\/www.fuldaernachrichten.de\/index.php?rest_route=\/wp\/v2\/posts"}],"about":[{"href":"https:\/\/www.fuldaernachrichten.de\/index.php?rest_route=\/wp\/v2\/types\/post"}],"author":[{"embeddable":true,"href":"https:\/\/www.fuldaernachrichten.de\/index.php?rest_route=\/wp\/v2\/users\/1"}],"replies":[{"embeddable":true,"href":"https:\/\/www.fuldaernachrichten.de\/index.php?rest_route=%2Fwp%2Fv2%2Fcomments&post=155345"}],"version-history":[{"count":1,"href":"https:\/\/www.fuldaernachrichten.de\/index.php?rest_route=\/wp\/v2\/posts\/155345\/revisions"}],"predecessor-version":[{"id":155349,"href":"https:\/\/www.fuldaernachrichten.de\/index.php?rest_route=\/wp\/v2\/posts\/155345\/revisions\/155349"}],"wp:featuredmedia":[{"embeddable":true,"href":"https:\/\/www.fuldaernachrichten.de\/index.php?rest_route=\/wp\/v2\/media\/155348"}],"wp:attachment":[{"href":"https:\/\/www.fuldaernachrichten.de\/index.php?rest_route=%2Fwp%2Fv2%2Fmedia&parent=155345"}],"wp:term":[{"taxonomy":"category","embeddable":true,"href":"https:\/\/www.fuldaernachrichten.de\/index.php?rest_route=%2Fwp%2Fv2%2Fcategories&post=155345"},{"taxonomy":"post_tag","embeddable":true,"href":"https:\/\/www.fuldaernachrichten.de\/index.php?rest_route=%2Fwp%2Fv2%2Ftags&post=155345"}],"curies":[{"name":"wp","href":"https:\/\/api.w.org\/{rel}","templated":true}]}}