{"id":155339,"date":"2016-09-21T16:38:13","date_gmt":"2016-09-21T14:38:13","guid":{"rendered":"http:\/\/www.fuldaer-nachrichten.de\/?p=155339"},"modified":"2016-09-21T16:38:13","modified_gmt":"2016-09-21T14:38:13","slug":"landrat-goerig-fordert-eine-redliche-debatte-zum-thema-geburtshilfe","status":"publish","type":"post","link":"https:\/\/www.fuldaernachrichten.de\/?p=155339","title":{"rendered":"Landrat G\u00f6rig fordert eine \u201eredliche Debatte\u201c zum Thema Geburtshilfe"},"content":{"rendered":"<p>\u201eDie Kreispolitik hat sich seit meiner Amts\u00fcbernahme 2012 immer f\u00fcr den Bestand unseres Krankenhaus eingesetzt \u2013 und immer auch f\u00fcr die Weiterf\u00fchrung der Geburtshilfe\u201c, stellt Aufsichtsratsvorsitzender Manfred G\u00f6rig in einer Presseerkl\u00e4rung heraus.<\/p>\n<p>\u201eIch habe mich immer f\u00fcr den Erhalt der Geburtshilfe stark gemacht \u2013 vor allem auch in den Verhandlungen mit der Landesregierung\u201c, erl\u00e4utert Landrat G\u00f6rig. Die Landesregierung sei immer gegen die Geburtshilfe gewesen und habe ihre Abschaffung als Voraussetzung f\u00fcr F\u00f6rdermittel genannt.<\/p>\n<p>Der von Staatsminister Prof. Dr. Braun ins Spiel gebrachte m\u00f6gliche Zuschlag nach dem Versorgungsstrukturgesetz (das eine bessere Versorgung f\u00fcr die Patienten und flexiblere Versorgungsstrukturen auf dem Land zum Ziel hat) sei, so G\u00f6rig, bereits 2013 f\u00fcr die Geburtshilfe beantragt worden.<\/p>\n<p>Das Land Hessen habe damals in der Anh\u00f6rung klar zum Ausdruck gebracht, dass sie den Antrag f\u00fcr die Geburtshilfe ablehne. Erweitert wurde dieser Antrag 2014 um die Kategorie Notfallversorgung.<br \/>\nNur f\u00fcr die Notfallversorgung sei der Zuschlag erteilt worden \u2013 allerdings mit keinem finanziellen Erfolg, weil die Krankenkassen AOK und Ersatzkassen gegen diesen Bescheid geklagt und \u2013 wegen Formfehlern der Landesregierung \u2013 Recht erhalten hatten, berichtet Landrat G\u00f6rig.<\/p>\n<p>10,6 Millionen Euro direkter Kreiszuschuss seien seit 2013 f\u00fcr die Aufrechterhaltung des laufenden Betriebs ins Vogelsberger Krankenhaus geflossen. Und f\u00fcr die Jahre 2016 bis 2020 habe die Kreispolitik j\u00e4hrlich zus\u00e4tzlich 500.000 Euro f\u00fcr die Geburtshilfe in den Haushalt geschrieben, was den durchschnittlichen Verlusten dieser Abteilung entspreche.<\/p>\n<p>Noch vor drei Jahren habe das Haus \u201eauf der Kippe\u201c gestanden. Jetzt sei der j\u00e4hrliche Verlust sehr gering und sogar eine schwarze Null in greifbarer N\u00e4he.<\/p>\n<p>Landrat G\u00f6rig wiederholt seine Analyse: \u201eEs sind von der Kreispolitik nicht beeinflussbare Rahmenbedingungen auf Bundes- und Landesebene einschlie\u00dflich der Krankenkassenpolitik, die den kleinen Krankenh\u00e4usern auf dem Land das Leben schwer machen.\u201c<\/p>\n<p>Landrat G\u00f6rig wehrt sich erneut gegen den Vorwurf der mangelnden Unterst\u00fctzung f\u00fcr die Geburtshilfe- und Gyn\u00e4kologie-Abteilung. Massiv sei er der Forderung des Landes entgegengetreten, erst die Geburtshilfe zu schlie\u00dfen, um dadurch dann eventuell F\u00f6rdergelder zu erhalten. Bei allem Verst\u00e4ndnis f\u00fcr die gro\u00dfen Emotionen, die das Thema Schlie\u00dfung nun ausl\u00f6se, d\u00fcrfe diese historische Wahrheit \u201enicht unter die R\u00e4der geraten\u201c.<\/p>\n<p>\u201eAm h\u00f6heren Zuschuss hat es nicht gelegen\u201c, unterstreicht G\u00f6rig. Auf 128.000 Euro solle die Haftpflicht steigen, hatten die drei Beleg\u00e4rzte dem Landrat im August mitgeteilt. Umgehend habe der Kreis als Eigent\u00fcmer den \u00c4rzten angek\u00fcndigt, diesen \u2013 deutlich h\u00f6heren \u2013 Betrag auch zu \u00fcbernehmen.<\/p>\n<p>Die \u00c4rzte haben in ihrer am 14. September verbreiteten Stellungnahme ausdr\u00fccklich die \u201eintensiven und konstruktiven Gespr\u00e4che mit dem Landrat\u201c best\u00e4tigt. Aber auch das Angebot der \u00dcbernahme der h\u00f6heren Kosten durch den Landkreis habe die \u00c4rzte nicht mehr umstimmen k\u00f6nnen. Das Angebot wurde von den \u00c4rzten ausdr\u00fccklich mit dem Hinweis abgelehnt, man wolle nicht mehr Geld, sondern die Rahmenbedingungen in Summe haben sie zu diesem Schritt bewogen, so G\u00f6rig.<\/p>\n<p>Die Gyn\u00e4kologische Abteilung als Belegabteilung im Kreiskrankenhaus weiterzuf\u00fchren, das sei klare Absicht des Landrats; und die drei Beleg\u00e4rzte \u201ehaben dazu \u00f6ffentlich ihre Bereitschaft erkl\u00e4rt\u201c.<\/p>\n<p>Der Landrat zitiert aus dem Schreiben der \u00c4rzte: \u201eDie gyn\u00e4kologische Versorgung im Vogelsbergkreis wird nicht beeintr\u00e4chtigt. Wir werden darauf hinwirken, weiterhin die wohnortnahe Versorgung der Bev\u00f6lkerung am Kreiskrankenhaus Alsfeld durch unsere Gemeinschaftspraxis aufrechtzuerhalten.\u201c Der Landrat habe keine Veranlassung, an dieser Zusage zu zweifeln.<\/p>\n<p>Die gr\u00f6\u00dfte Steigerung bei den Geburten in Hessen gerade im Vogelsbergkreis (plus 15 Prozent) erfreue den Landrat nat\u00fcrlich sehr. Gleichzeitig sei festzuhalten, dass von den rund 770 Geburten im Jahr nur ein Drittel, n\u00e4mlich rund 260 Vogelsberger M\u00fctter zur Entbindung nach Alsfeld gingen. Andersherum: bereits jetzt gehen \u00fcber 500 M\u00fctter aus dem Vogelsbergkreis in Geburtshilfestationen der Nachbarkreise. Das k\u00f6nne man beklagen. Aber schlie\u00dflich gelte wie bei allen anderen Facharztbesuchen auch hier die Freiz\u00fcgigkeit.<\/p>\n<p>Die Nachricht von der bevorstehenden Schlie\u00dfung f\u00fchre verst\u00e4ndlicherweise zu Entt\u00e4uschungen und kritischen Fragen. Landrat G\u00f6rig fordert dennoch eine \u201eredliche Debatte\u201c. Eine \u201epopulistische Schlammschlacht\u201c werde der Komplexit\u00e4t der Problemlage nicht gerecht, so G\u00f6rig.<\/p>\n<p>Durch die Fortf\u00fchrung der Belegabteilung Gyn\u00e4kologie sei keine Mutter im Vogelsbergkreis w\u00e4hrend ihrer Schwangerschaft unversorgt. \u00dcberdies habe der Landrat nat\u00fcrlich die Interessenlage der \u00fcbrigen Besch\u00e4ftigten im Kreiskrankenhaus \u00fcber die \u00c4rzte hinaus im Blick \u2013 auch in dieser Abteilung.<\/p>\n","protected":false},"excerpt":{"rendered":"<div class=\"tmnf_excerpt\"><p>\u201eDie Kreispolitik hat sich seit meiner Amts\u00fcbernahme 2012 immer f\u00fcr den Bestand unseres Krankenhaus eingesetzt \u2013 und immer auch f\u00fcr die Weiterf\u00fchrung der Geburtshilfe\u201c, stellt Aufsichtsratsvorsitzender Manfred G\u00f6rig in einer Presseerkl\u00e4rung heraus. \u201eIch habe mich immer f\u00fcr den Erhalt der Geburtshilfe stark gemacht \u2013 vor allem auch in den Verhandlungen mit der Landesregierung\u201c, erl\u00e4utert Landrat &hellip;<\/p>\n<\/div>","protected":false},"author":1,"featured_media":0,"comment_status":"closed","ping_status":"closed","sticky":false,"template":"","format":"standard","meta":{"footnotes":""},"categories":[1],"tags":[],"class_list":["post-155339","post","type-post","status-publish","format-standard","hentry","category-startseite"],"_links":{"self":[{"href":"https:\/\/www.fuldaernachrichten.de\/index.php?rest_route=\/wp\/v2\/posts\/155339","targetHints":{"allow":["GET"]}}],"collection":[{"href":"https:\/\/www.fuldaernachrichten.de\/index.php?rest_route=\/wp\/v2\/posts"}],"about":[{"href":"https:\/\/www.fuldaernachrichten.de\/index.php?rest_route=\/wp\/v2\/types\/post"}],"author":[{"embeddable":true,"href":"https:\/\/www.fuldaernachrichten.de\/index.php?rest_route=\/wp\/v2\/users\/1"}],"replies":[{"embeddable":true,"href":"https:\/\/www.fuldaernachrichten.de\/index.php?rest_route=%2Fwp%2Fv2%2Fcomments&post=155339"}],"version-history":[{"count":1,"href":"https:\/\/www.fuldaernachrichten.de\/index.php?rest_route=\/wp\/v2\/posts\/155339\/revisions"}],"predecessor-version":[{"id":155343,"href":"https:\/\/www.fuldaernachrichten.de\/index.php?rest_route=\/wp\/v2\/posts\/155339\/revisions\/155343"}],"wp:attachment":[{"href":"https:\/\/www.fuldaernachrichten.de\/index.php?rest_route=%2Fwp%2Fv2%2Fmedia&parent=155339"}],"wp:term":[{"taxonomy":"category","embeddable":true,"href":"https:\/\/www.fuldaernachrichten.de\/index.php?rest_route=%2Fwp%2Fv2%2Fcategories&post=155339"},{"taxonomy":"post_tag","embeddable":true,"href":"https:\/\/www.fuldaernachrichten.de\/index.php?rest_route=%2Fwp%2Fv2%2Ftags&post=155339"}],"curies":[{"name":"wp","href":"https:\/\/api.w.org\/{rel}","templated":true}]}}