{"id":155337,"date":"2016-09-21T16:38:41","date_gmt":"2016-09-21T14:38:41","guid":{"rendered":"http:\/\/www.fuldaer-nachrichten.de\/?p=155337"},"modified":"2016-09-21T16:38:41","modified_gmt":"2016-09-21T14:38:41","slug":"fuldaer-bewegungs-und-talentcheck-ermoeglicht-praezise-sportartspezifische-empfehlungen","status":"publish","type":"post","link":"https:\/\/www.fuldaernachrichten.de\/?p=155337","title":{"rendered":"Fuldaer Bewegungs- und Talentcheck erm\u00f6glicht pr\u00e4zise sportartspezifische Empfehlungen"},"content":{"rendered":"<p><a href=\"http:\/\/www.fuldaer-nachrichten.de\/wp-content\/uploads\/2016\/09\/477-Bewegungscheck1.jpg\"><img decoding=\"async\" class=\"alignleft size-thumbnail wp-image-155340\" src=\"http:\/\/www.fuldaer-nachrichten.de\/wp-content\/uploads\/2016\/09\/477-Bewegungscheck1-265x176.jpg\" alt=\"477-bewegungscheck1\" width=\"265\" height=\"176\" srcset=\"https:\/\/www.fuldaernachrichten.de\/wp-content\/uploads\/2016\/09\/477-Bewegungscheck1-265x176.jpg 265w, https:\/\/www.fuldaernachrichten.de\/wp-content\/uploads\/2016\/09\/477-Bewegungscheck1-768x511.jpg 768w, https:\/\/www.fuldaernachrichten.de\/wp-content\/uploads\/2016\/09\/477-Bewegungscheck1-600x399.jpg 600w, https:\/\/www.fuldaernachrichten.de\/wp-content\/uploads\/2016\/09\/477-Bewegungscheck1.jpg 900w\" sizes=\"(max-width: 265px) 100vw, 265px\" \/><\/a> Der Fuldaer Bewegungs- und Talentcheck geht in das siebte Jahr. Nach einem erfolgreichen Probelauf in 2010 wird das Testverfahren zur Erfassung der sportmotorischen Leistungsf\u00e4higkeit im Grundschulalter seit 2011fl\u00e4chendeckend im Landkreis und in der Stadt Fulda durchgef\u00fchrt. Auch in diesem Jahr beteiligen sich daran \u00fcber 1.700 Kinder aus 51 Schulen, die innerhalb von vier Wochen in verschiedenen Sporthallen getestet werden.<\/p>\n<p>Mit einem Reaktionslauf und einem Maximalkrafttest sind zwei weitere \u00dcbungen hinzugekommen, so dass der Bewegungs- und Talentcheck inzwischen aus elf Einzeltests besteht, wodurch nach Angaben des Projektsleiters von der Universit\u00e4t Bayreuth, Professor Andreas Hohmann, immer differenziertere leistungsdiagnostische Aussagen erm\u00f6glicht w\u00fcrden. \u201eWir haben unsere Messmethoden kontinuierlich verfeinert und sind in der Lage, sehr pr\u00e4zise St\u00e4rken-Schw\u00e4chen-Profile zu erstellen, aus denen sich Empfehlungen f\u00fcr insgesamt 16 Sportarten ableiten lassen.\u201c<\/p>\n<p>Nachdem mittlerweile die Daten von rund siebentausend getesteten Kindern vorliegen, wird jetzt in einer dreiteiligen Evaluationsstudie untersucht, ob die Kinder den sportartspezifischen Empfehlungen gefolgt sind und wie ihre weitere sportliche Entwicklung verlaufen ist. Dies geschieht mit Hilfe eines Elternfragebogens, der Wiederholung des Tests bei einer Stichprobe von Siebtkl\u00e4sslern, die vor f\u00fcnf Jahren am Bewegungs- und Talentcheck teilgenommen haben, sowie Recherchen in den Sportmedien nach dem Auftauchen der Namen von fr\u00fcheren Testpersonen.<\/p>\n<p><a href=\"http:\/\/www.fuldaer-nachrichten.de\/wp-content\/uploads\/2016\/09\/477-Bewegungscheck2.jpg\"><img decoding=\"async\" class=\"alignleft size-thumbnail wp-image-155341\" src=\"http:\/\/www.fuldaer-nachrichten.de\/wp-content\/uploads\/2016\/09\/477-Bewegungscheck2-265x176.jpg\" alt=\"477-bewegungscheck2\" width=\"265\" height=\"176\" srcset=\"https:\/\/www.fuldaernachrichten.de\/wp-content\/uploads\/2016\/09\/477-Bewegungscheck2-265x176.jpg 265w, https:\/\/www.fuldaernachrichten.de\/wp-content\/uploads\/2016\/09\/477-Bewegungscheck2-768x510.jpg 768w, https:\/\/www.fuldaernachrichten.de\/wp-content\/uploads\/2016\/09\/477-Bewegungscheck2-600x399.jpg 600w, https:\/\/www.fuldaernachrichten.de\/wp-content\/uploads\/2016\/09\/477-Bewegungscheck2.jpg 900w\" sizes=\"(max-width: 265px) 100vw, 265px\" \/><\/a>Das Testverfahren kann sowohl zur Talentf\u00f6rderung von besonders leistungsf\u00e4higen Kindern als auch zur Bewegungsf\u00f6rderung bei motorischen Defiziten verwendet werden und st\u00f6\u00dft von daher auf gro\u00dfes\u00c2\u00a0 Interesse in der Fachwelt. So werden in der kommenden Woche holl\u00e4ndische Sportwissenschaftler zu den Tests in der Johannes-Hack-Schule in Petersberg erwartet. Auch k\u00f6nnte der Bewegungs- und Talentcheck im n\u00e4chsten Jahr in Lijang, der chinesischen Partnerregion des Landkreises Fulda, stattfinden. Nach Schanghai w\u00e4re dies dann die zweite Station in China.<\/p>\n<p>Was die Finanzierung angeht, so scheint vorerst gew\u00e4hrleistet, dass das kreisweite Erhebung auch in Zukunft durchgef\u00fchrt werden kann. Hierf\u00fcr sorgen neben dem Landkreis und der Stadt in erster Linie die Stiftung der Sparkasse Fulda und die Schwenninger Krankenkasse als Sponsoren. Hingegen sind die Bundesmittel befristet. M\u00f6glicherweise ergeben sich aber zus\u00e4tzliche M\u00f6glichkeiten im Rahmen des neuen Pr\u00e4ventionsgesetzes, um beispielsweise f\u00fcr leistungsschw\u00e4chere Kinder an weiteren Standorten ein kostenloses Bewegungstraining anzubieten.<\/p>\n","protected":false},"excerpt":{"rendered":"<div class=\"tmnf_excerpt\"><p>Der Fuldaer Bewegungs- und Talentcheck geht in das siebte Jahr. Nach einem erfolgreichen Probelauf in 2010 wird das Testverfahren zur Erfassung der sportmotorischen Leistungsf\u00e4higkeit im Grundschulalter seit 2011fl\u00e4chendeckend im Landkreis und in der Stadt Fulda durchgef\u00fchrt. Auch in diesem Jahr beteiligen sich daran \u00fcber 1.700 Kinder aus 51 Schulen, die innerhalb von vier Wochen in &hellip;<\/p>\n<\/div>","protected":false},"author":1,"featured_media":155342,"comment_status":"closed","ping_status":"closed","sticky":false,"template":"","format":"standard","meta":{"footnotes":""},"categories":[1],"tags":[],"class_list":["post-155337","post","type-post","status-publish","format-standard","has-post-thumbnail","hentry","category-startseite"],"_links":{"self":[{"href":"https:\/\/www.fuldaernachrichten.de\/index.php?rest_route=\/wp\/v2\/posts\/155337","targetHints":{"allow":["GET"]}}],"collection":[{"href":"https:\/\/www.fuldaernachrichten.de\/index.php?rest_route=\/wp\/v2\/posts"}],"about":[{"href":"https:\/\/www.fuldaernachrichten.de\/index.php?rest_route=\/wp\/v2\/types\/post"}],"author":[{"embeddable":true,"href":"https:\/\/www.fuldaernachrichten.de\/index.php?rest_route=\/wp\/v2\/users\/1"}],"replies":[{"embeddable":true,"href":"https:\/\/www.fuldaernachrichten.de\/index.php?rest_route=%2Fwp%2Fv2%2Fcomments&post=155337"}],"version-history":[{"count":1,"href":"https:\/\/www.fuldaernachrichten.de\/index.php?rest_route=\/wp\/v2\/posts\/155337\/revisions"}],"predecessor-version":[{"id":155344,"href":"https:\/\/www.fuldaernachrichten.de\/index.php?rest_route=\/wp\/v2\/posts\/155337\/revisions\/155344"}],"wp:featuredmedia":[{"embeddable":true,"href":"https:\/\/www.fuldaernachrichten.de\/index.php?rest_route=\/wp\/v2\/media\/155342"}],"wp:attachment":[{"href":"https:\/\/www.fuldaernachrichten.de\/index.php?rest_route=%2Fwp%2Fv2%2Fmedia&parent=155337"}],"wp:term":[{"taxonomy":"category","embeddable":true,"href":"https:\/\/www.fuldaernachrichten.de\/index.php?rest_route=%2Fwp%2Fv2%2Fcategories&post=155337"},{"taxonomy":"post_tag","embeddable":true,"href":"https:\/\/www.fuldaernachrichten.de\/index.php?rest_route=%2Fwp%2Fv2%2Ftags&post=155337"}],"curies":[{"name":"wp","href":"https:\/\/api.w.org\/{rel}","templated":true}]}}