{"id":155332,"date":"2016-09-21T16:37:09","date_gmt":"2016-09-21T14:37:09","guid":{"rendered":"http:\/\/www.fuldaer-nachrichten.de\/?p=155332"},"modified":"2016-09-21T16:37:09","modified_gmt":"2016-09-21T14:37:09","slug":"intensivkurs-aktzeichnen","status":"publish","type":"post","link":"https:\/\/www.fuldaernachrichten.de\/?p=155332","title":{"rendered":"Intensivkurs Aktzeichnen"},"content":{"rendered":"<p>In einem Tagesseminar der Volkshochschule des Landkreises \u00fcben die Teilnehmer unter anderem das Erfassen der Proportionen des K\u00f6rpers und experimentieren in verschiedenen Techniken und auf gro\u00dfen Formaten. Beginn ist am Samstag, 15. Oktober, um 10 Uhr im VHS-Geb\u00e4ude, K 06 (Werkraum), Gallasiniring 30, in Fulda. Weitere Informationen und Anmeldung mit Kursnummer VN2050106 unter www.vhs-fulda.de oder Telefon (0661)6006-1600.<\/p>\n","protected":false},"excerpt":{"rendered":"<div class=\"tmnf_excerpt\"><p>In einem Tagesseminar der Volkshochschule des Landkreises \u00fcben die Teilnehmer unter anderem das Erfassen der Proportionen des K\u00f6rpers und experimentieren in verschiedenen Techniken und auf gro\u00dfen Formaten. Beginn ist am Samstag, 15. Oktober, um 10 Uhr im VHS-Geb\u00e4ude, K 06 (Werkraum), Gallasiniring 30, in Fulda. Weitere Informationen und Anmeldung mit Kursnummer VN2050106 unter www.vhs-fulda.de oder &hellip;<\/p>\n<\/div>","protected":false},"author":1,"featured_media":0,"comment_status":"closed","ping_status":"closed","sticky":false,"template":"","format":"standard","meta":{"footnotes":""},"categories":[1],"tags":[],"class_list":["post-155332","post","type-post","status-publish","format-standard","hentry","category-startseite"],"_links":{"self":[{"href":"https:\/\/www.fuldaernachrichten.de\/index.php?rest_route=\/wp\/v2\/posts\/155332","targetHints":{"allow":["GET"]}}],"collection":[{"href":"https:\/\/www.fuldaernachrichten.de\/index.php?rest_route=\/wp\/v2\/posts"}],"about":[{"href":"https:\/\/www.fuldaernachrichten.de\/index.php?rest_route=\/wp\/v2\/types\/post"}],"author":[{"embeddable":true,"href":"https:\/\/www.fuldaernachrichten.de\/index.php?rest_route=\/wp\/v2\/users\/1"}],"replies":[{"embeddable":true,"href":"https:\/\/www.fuldaernachrichten.de\/index.php?rest_route=%2Fwp%2Fv2%2Fcomments&post=155332"}],"version-history":[{"count":1,"href":"https:\/\/www.fuldaernachrichten.de\/index.php?rest_route=\/wp\/v2\/posts\/155332\/revisions"}],"predecessor-version":[{"id":155338,"href":"https:\/\/www.fuldaernachrichten.de\/index.php?rest_route=\/wp\/v2\/posts\/155332\/revisions\/155338"}],"wp:attachment":[{"href":"https:\/\/www.fuldaernachrichten.de\/index.php?rest_route=%2Fwp%2Fv2%2Fmedia&parent=155332"}],"wp:term":[{"taxonomy":"category","embeddable":true,"href":"https:\/\/www.fuldaernachrichten.de\/index.php?rest_route=%2Fwp%2Fv2%2Fcategories&post=155332"},{"taxonomy":"post_tag","embeddable":true,"href":"https:\/\/www.fuldaernachrichten.de\/index.php?rest_route=%2Fwp%2Fv2%2Ftags&post=155332"}],"curies":[{"name":"wp","href":"https:\/\/api.w.org\/{rel}","templated":true}]}}