{"id":155326,"date":"2016-09-21T16:35:35","date_gmt":"2016-09-21T14:35:35","guid":{"rendered":"http:\/\/www.fuldaer-nachrichten.de\/?p=155326"},"modified":"2016-09-21T16:35:35","modified_gmt":"2016-09-21T14:35:35","slug":"hochrhoener-feiert-10jaehriges-jubilaeum","status":"publish","type":"post","link":"https:\/\/www.fuldaernachrichten.de\/?p=155326","title":{"rendered":"HOCHRH\u00d6NER feiert 10j\u00e4hriges Jubil\u00e4um"},"content":{"rendered":"<p>Am 24. September 2006 wurde in der Gemeinde Burkardroth der Rh\u00f6ner Premiumwanderweg \u201eHOCHRH\u00d6NER\u201c eingeweiht. Am kommenden Sonntag, 25. September, l\u00e4dt die Regionale Arbeitsgemeinschaft (ARGE) Rh\u00f6n zur Jubil\u00e4umsfeier ebenfalls im Markt Burkardroth, Ortsteil Stralsbach, ein.<\/p>\n<p>Der \u201eHOCHRH\u00d6NER\u201c ist ein \u201eKind\u201c der ARGE Rh\u00f6n, in der sich die f\u00fcnf Rh\u00f6nlandkreise Bad Kissingen, Fulda, Rh\u00f6n-Grabfeld, Schmalkalden-Meiningen und Wartburgkreis zusammengeschlossen haben, und heute das Flaggschiff im Rh\u00f6n-Tourismus. Der Weg ist vom Deutschen Wanderinstitut zertifiziert und daher als Premiumwanderweg anerkannt. Er f\u00fchrt vom th\u00fcringischen Bad Salzungen aus bis nach Bad Kissingen in Bayern.<\/p>\n<p>Der \u201eHOCHRH\u00d6NER\u201c und seine mittlerweile schon \u00fcber 20 Extratouren haben in den letzten zehn Jahren enorm dazu beigetragen, die Rh\u00f6n nicht nur als Deutschlands Wanderwelt Nummer 1 weiter bekannt zu machen, sondern auch den Tourismus in der Rh\u00f6n zu f\u00f6rdern und dessen Attraktivit\u00e4t zu steigern, hebt der Vorsitzende der ARGE Rh\u00f6n und Landrat des Landkreises Bad Kissingen, Thomas Bold, hervor. In den letzten zehn Jahren sei viel in die Infrastruktur des Rh\u00f6ner Premiumwanderweges investiert worden \u2013 beispielsweise in die Verbesserung der Wegequalit\u00e4t, in Sitzgruppen, in Schutzh\u00fctten oder in ein neues Wanderleitsystem. Der \u201eHOCHRH\u00d6NER\u201c zeichne sich vor allem durch das nat\u00fcrliche Umfeld aus. Dazu geh\u00f6ren die Aussichten, sch\u00f6ne Waldbilder, markante Einzelb\u00e4ume, das abwechslungsreiche Landschaftsbild, naturnahe Gew\u00e4sser und die kleinr\u00e4umige und unverbaute Flur. Daher z\u00e4hle der \u201eHOCHRH\u00d6NER\u201c auch zu den beliebtesten Premiumwanderwegen in ganz Deutschland.<\/p>\n<p>Das Festprogramm zum 10-j\u00e4hrigen Jubil\u00e4um des \u201eHOCHRH\u00d6NER\u201c beginnt am Sonntag, 25. September, um 10 Uhr mit einer gef\u00fchrten Wanderung vom Wildpark Klaushof bis nach Stralsbach. Treffpunkt ist der Parkplatz Wildpark Klaushof; die Wanderstrecke betr\u00e4gt rund vier Kilometer. Um 10.30 Uhr gibt es eine gef\u00fchrte Wanderung von Frauenroth nach Stralsbach. Treffpunkt hierf\u00fcr ist die Kirche in Frauenroth; die Wanderstrecke betr\u00e4gt rund 2,5 Kilometer.<br \/>\nUm 11 Uhr werden der Vorsitzende der ARGE Rh\u00f6n Thomas Bold, B\u00fcrgermeister Waldemar Bug und Rh\u00f6nklubpr\u00e4sident J\u00fcrgen Reinhard Gru\u00dfworte an der Alten Schule in Stralsbach an die G\u00e4ste und Wanderfreunde halten. Die musikalische Umrahmung \u00fcbernimmt das Blechbl\u00e4serensemble des Musik- und Heimatvereins Katzenbach. Um 11.30 Uhr gibt es einen Festvortrag zum Thema \u201eWandern \u2013 neu entdeckt\u201c von Michael S\u00e4nger, Chefredakteur a.D. des Wandermagazins. Anschlie\u00dfend beginnt der Festbetrieb mit Mittagstisch um 12 Uhr, einer Auff\u00fchrung der Kindertanzgruppe \u201eRh\u00f6nk\u00e4ppchen\u201c um 13 Uhr sowie einer Vorf\u00fchrung des Motors\u00e4genk\u00fcnstlers Robert Reuscher. Ab 13.30 Uhr umrahmt das Quartett \u201eHolzich\u201c die Jubil\u00e4umsfeier.<\/p>\n","protected":false},"excerpt":{"rendered":"<div class=\"tmnf_excerpt\"><p>Am 24. September 2006 wurde in der Gemeinde Burkardroth der Rh\u00f6ner Premiumwanderweg \u201eHOCHRH\u00d6NER\u201c eingeweiht. Am kommenden Sonntag, 25. September, l\u00e4dt die Regionale Arbeitsgemeinschaft (ARGE) Rh\u00f6n zur Jubil\u00e4umsfeier ebenfalls im Markt Burkardroth, Ortsteil Stralsbach, ein. Der \u201eHOCHRH\u00d6NER\u201c ist ein \u201eKind\u201c der ARGE Rh\u00f6n, in der sich die f\u00fcnf Rh\u00f6nlandkreise Bad Kissingen, Fulda, Rh\u00f6n-Grabfeld, Schmalkalden-Meiningen und Wartburgkreis &hellip;<\/p>\n<\/div>","protected":false},"author":1,"featured_media":155330,"comment_status":"closed","ping_status":"closed","sticky":false,"template":"","format":"standard","meta":{"footnotes":""},"categories":[1],"tags":[],"class_list":["post-155326","post","type-post","status-publish","format-standard","has-post-thumbnail","hentry","category-startseite"],"_links":{"self":[{"href":"https:\/\/www.fuldaernachrichten.de\/index.php?rest_route=\/wp\/v2\/posts\/155326","targetHints":{"allow":["GET"]}}],"collection":[{"href":"https:\/\/www.fuldaernachrichten.de\/index.php?rest_route=\/wp\/v2\/posts"}],"about":[{"href":"https:\/\/www.fuldaernachrichten.de\/index.php?rest_route=\/wp\/v2\/types\/post"}],"author":[{"embeddable":true,"href":"https:\/\/www.fuldaernachrichten.de\/index.php?rest_route=\/wp\/v2\/users\/1"}],"replies":[{"embeddable":true,"href":"https:\/\/www.fuldaernachrichten.de\/index.php?rest_route=%2Fwp%2Fv2%2Fcomments&post=155326"}],"version-history":[{"count":1,"href":"https:\/\/www.fuldaernachrichten.de\/index.php?rest_route=\/wp\/v2\/posts\/155326\/revisions"}],"predecessor-version":[{"id":155331,"href":"https:\/\/www.fuldaernachrichten.de\/index.php?rest_route=\/wp\/v2\/posts\/155326\/revisions\/155331"}],"wp:featuredmedia":[{"embeddable":true,"href":"https:\/\/www.fuldaernachrichten.de\/index.php?rest_route=\/wp\/v2\/media\/155330"}],"wp:attachment":[{"href":"https:\/\/www.fuldaernachrichten.de\/index.php?rest_route=%2Fwp%2Fv2%2Fmedia&parent=155326"}],"wp:term":[{"taxonomy":"category","embeddable":true,"href":"https:\/\/www.fuldaernachrichten.de\/index.php?rest_route=%2Fwp%2Fv2%2Fcategories&post=155326"},{"taxonomy":"post_tag","embeddable":true,"href":"https:\/\/www.fuldaernachrichten.de\/index.php?rest_route=%2Fwp%2Fv2%2Ftags&post=155326"}],"curies":[{"name":"wp","href":"https:\/\/api.w.org\/{rel}","templated":true}]}}