{"id":155320,"date":"2016-09-21T16:34:13","date_gmt":"2016-09-21T14:34:13","guid":{"rendered":"http:\/\/www.fuldaer-nachrichten.de\/?p=155320"},"modified":"2016-09-21T16:34:13","modified_gmt":"2016-09-21T14:34:13","slug":"verleihung-von-ehrenbezeichnungen-an-verdiente-kommunalpolitiker-106-jahre-ehrenamtliches-engagement-gewuerdigt","status":"publish","type":"post","link":"https:\/\/www.fuldaernachrichten.de\/?p=155320","title":{"rendered":"Verleihung von Ehrenbezeichnungen an verdiente Kommunalpolitiker &#8211; 106 Jahre ehrenamtliches Engagement gew\u00fcrdigt"},"content":{"rendered":"<p>Im Rahmen einer Sitzung der Gemeindevertretung der Gemeinde Poppenhausen (Wasserkuppe) wurde die langj\u00e4hrige und besonders herausragende ehrenamtliche Arbeit von verdienten Mandatstr\u00e4gern gew\u00fcrdigt. Es handelte sich dabei um den langj\u00e4hrigen Ersten Beigeordneten Hans-J\u00f6rg Hauke, und das Urgestein der Kommunalpolitik Werner Krenzer, sowie den langj\u00e4hrigen Vorsitzenden der Gemeindevertretung Helmut Sapper. Die drei M\u00e4nner waren nach der Kommunalwahl im April 2016 aus den jeweiligen Gremien ausgeschieden.<\/p>\n<p>Auf Vorschlag des Gemeindevorstandes hatte die Gemeindevertretung<br \/>\nder Gemeinde Poppenhausen (Wasserkuppe) am 27. Juni 2016 einstimmig beschlossen, diesen Mandatstr\u00e4gern gem\u00e4\u00df \u00c2\u00a7 28 der Hessischen Gemeindeordnung Ehrenbezeichnungen zu verleihen.<br \/>\nHans-J\u00f6rg Hauke und Werner Krenzer wurden zu EHRENBEIGEORDNETEN und Helmut Sapper zum EHREN-GEMEINDEVERTRETER ernannt.<\/p>\n<p>Die Ernennung und die \u00dcbergabe der Urkunden nahmen der Vorsitzende der Gemeindevertretung Frank Unger und B\u00fcrgermeister Manfred Helfrich vor. Er f\u00fchrte aus, dass die Ernennung ein Ausdruck des Dankes, der Anerkennung und der Wertsch\u00e4tzung der jeweils langj\u00e4hrigen und besonders herausragenden ehrenamtlichen T\u00e4tigkeit in der Kommunalpolitik zu Gunsten der B\u00fcrgergemeinschaft und des Gemeinwohls sei. Alle drei seien ihm stets auch kompetente und insgesamt wertvolle Berater gewesen, sie h\u00e4tten eine Vorbildfunktion f\u00fcr andere Mitb\u00fcrger\/-innen.<\/p>\n<p>Nachfolgend die Auflistung der jeweiligen Funktionen:<\/p>\n<p>Hans- J\u00f6rg\u00c2\u00a0 H a u k e: 23 Jahre Kommunalpolitik<br \/>\nOrtsvorsteher von Abtsroda von 04\/1993 \u2013 03\/2001<br \/>\nBeigeordneter (CDU) von 04\/2001 \u2013 10.\/2001<br \/>\nErster Beigeordneter von 11\/2001 \u2013 04\/2016<br \/>\nEhrenbrief des Landes Hessen: 04.11.2000<br \/>\nVon-Steinr\u00fcck-Medaille: 04.11.2015<\/p>\n<p>Werner Krenzer: 48 Jahre Kommunalpolitik<br \/>\nGemeindevertreter Abtsroda v. 11\/1968 \u2013 1972<br \/>\nBeigeordneter (CDU) v. 1972 \u2013 04\/2016<br \/>\nEhrenbrief des Landes Hessen: 02.12.1993<br \/>\nBundesverdienstkreuz am Bande: 06.11.2003<br \/>\nVon-Steinr\u00fcck-Medaille: 09.09.2011<\/p>\n<p>Helmut Sapper: 35 Jahre Kommunalpolitik<br \/>\nGemeindevertreter (CDU) von 04\/1981 bis 04\/2016<br \/>\nVorsitzender der Gemeindevertretung von 04\/1989 bis 04\/2016<br \/>\nHFA-Ausschussmitglied von 1981 \u2013 1985<br \/>\nVors. des Umweltausschusses von 1993 \u2013 1996<br \/>\nUmwelt-Fremdenverkehr-Gewerbe-Energie<br \/>\nAusschussmitglied von 1997 &#8211; 2001<br \/>\nBA-Mitglied von 04\/2001 bis 04\/2016<br \/>\nVorsitzender des Konsolidierungsausschusses von 08\/2013 \u2013 04\/2016<br \/>\nEhrenbrief des Landes Hessen am 07.01.2002<\/p>\n<p>In der Summe sind das 106 Jahre Ehrenamt in der Kommunalpolitik f\u00fcr die Sicherung, die Weiterentwicklung und Gestaltung der Gro\u00dfgemeinde Poppenhausen (Wasserkuppe).<\/p>\n<p>Foto v.l.:<br \/>\nFrank Unger, Helmut Sapper, Werner Krenzer, Hans-J\u00f6rg Hauke u. Manfred Helfrich<\/p>\n","protected":false},"excerpt":{"rendered":"<div class=\"tmnf_excerpt\"><p>Im Rahmen einer Sitzung der Gemeindevertretung der Gemeinde Poppenhausen (Wasserkuppe) wurde die langj\u00e4hrige und besonders herausragende ehrenamtliche Arbeit von verdienten Mandatstr\u00e4gern gew\u00fcrdigt. Es handelte sich dabei um den langj\u00e4hrigen Ersten Beigeordneten Hans-J\u00f6rg Hauke, und das Urgestein der Kommunalpolitik Werner Krenzer, sowie den langj\u00e4hrigen Vorsitzenden der Gemeindevertretung Helmut Sapper. Die drei M\u00e4nner waren nach der Kommunalwahl &hellip;<\/p>\n<\/div>","protected":false},"author":1,"featured_media":155324,"comment_status":"closed","ping_status":"closed","sticky":false,"template":"","format":"standard","meta":{"footnotes":""},"categories":[1],"tags":[],"class_list":["post-155320","post","type-post","status-publish","format-standard","has-post-thumbnail","hentry","category-startseite"],"_links":{"self":[{"href":"https:\/\/www.fuldaernachrichten.de\/index.php?rest_route=\/wp\/v2\/posts\/155320","targetHints":{"allow":["GET"]}}],"collection":[{"href":"https:\/\/www.fuldaernachrichten.de\/index.php?rest_route=\/wp\/v2\/posts"}],"about":[{"href":"https:\/\/www.fuldaernachrichten.de\/index.php?rest_route=\/wp\/v2\/types\/post"}],"author":[{"embeddable":true,"href":"https:\/\/www.fuldaernachrichten.de\/index.php?rest_route=\/wp\/v2\/users\/1"}],"replies":[{"embeddable":true,"href":"https:\/\/www.fuldaernachrichten.de\/index.php?rest_route=%2Fwp%2Fv2%2Fcomments&post=155320"}],"version-history":[{"count":1,"href":"https:\/\/www.fuldaernachrichten.de\/index.php?rest_route=\/wp\/v2\/posts\/155320\/revisions"}],"predecessor-version":[{"id":155325,"href":"https:\/\/www.fuldaernachrichten.de\/index.php?rest_route=\/wp\/v2\/posts\/155320\/revisions\/155325"}],"wp:featuredmedia":[{"embeddable":true,"href":"https:\/\/www.fuldaernachrichten.de\/index.php?rest_route=\/wp\/v2\/media\/155324"}],"wp:attachment":[{"href":"https:\/\/www.fuldaernachrichten.de\/index.php?rest_route=%2Fwp%2Fv2%2Fmedia&parent=155320"}],"wp:term":[{"taxonomy":"category","embeddable":true,"href":"https:\/\/www.fuldaernachrichten.de\/index.php?rest_route=%2Fwp%2Fv2%2Fcategories&post=155320"},{"taxonomy":"post_tag","embeddable":true,"href":"https:\/\/www.fuldaernachrichten.de\/index.php?rest_route=%2Fwp%2Fv2%2Ftags&post=155320"}],"curies":[{"name":"wp","href":"https:\/\/api.w.org\/{rel}","templated":true}]}}