{"id":155315,"date":"2016-09-21T16:32:39","date_gmt":"2016-09-21T14:32:39","guid":{"rendered":"http:\/\/www.fuldaer-nachrichten.de\/?p=155315"},"modified":"2016-09-21T16:32:39","modified_gmt":"2016-09-21T14:32:39","slug":"wettbewerb-ab-in-die-mitte-startet-mit-neuem-motto-mein-herz-schlaegt-regional","status":"publish","type":"post","link":"https:\/\/www.fuldaernachrichten.de\/?p=155315","title":{"rendered":"Wettbewerb \u201eAb in die Mitte!\u201c startet mit neuem Motto \u201eMein Herz schl\u00e4gt regional!\u201c"},"content":{"rendered":"<p>\u201eSetzen Sie ein Zeichen f\u00fcr Ihre Innenstadt, zeigen Sie uns, wie liebenswert das Zentrum Ihrer Stadt oder Gemeinde ist\u201c, sagte Stadtentwicklungsministerin Priska Hinz heute in Wiesbaden. Sie lud damit alle hessischen St\u00e4dte und Gemeinden sowie private Initiativen, die sich in den Kommunen oder Stadtteilen engagieren, ein, sich am Landeswettbewerb \u201eAb in die Mitte! Die Innenstadt-Offensive Hessen\u201c f\u00fcr das Jahr 2017 zu beteiligen. Das neue\u00c2\u00a0 Motto lautet \u201eMein Herz schl\u00e4gt regional!\u201c.<\/p>\n<p>Es k\u00f6nnen M\u00e4rkte f\u00fcr regionale Produkte organisiert oder leer stehende Ladenlokale mit K\u00f6stlichkeiten aus der Heimat wiederbelebt werden. Auch Projekte, die sich mit dem Urlaub in der Region besch\u00e4ftigen oder dazu motivieren, die Innenstadt per Fahrrad zu entdecken, sind bei \u201eAb in die Mitte!\u201c 2017 ausdr\u00fccklich erw\u00fcnscht. \u201eMachen Sie Ihre Innenstadt oder Ihren Ortskern zu einem Zuhause f\u00fcr regionale Produkte, lokale Sch\u00e4tze und Originale, die Ihre Innenstadt oder Ihren Ortskern auszeichnen\u201c, warb Ministerin Hinz. \u201eErz\u00e4hlen Sie uns von Landliebe und Gro\u00dfstadtfieber, Ihren Ideen zu Stadtbienen, machen Sie Appetit auf Landeier und Gr\u00fcnzeug aus dem heimischen Garten oder begeistern Sie f\u00fcr regionale Kunst-und Kultur in der Innenstadt.\u201c<\/p>\n<p>Die Ausschreibung geht allen hessischen St\u00e4dten und Gemeinden in diesen Tagen zu. Kommunen und private Initiativen k\u00f6nnen sich bis zum 9. Februar 2017 mit Projekten zur St\u00e4rkung und Vitalisierung der Innenst\u00e4dte und Ortskerne bewerben. Wie in den vergangenen Jahren werden voraussichtlich Preisgelder bis zur H\u00f6he von insgesamt rund 160.000 Euro zur Verf\u00fcgung stehen. Eine unabh\u00e4ngige Jury wird die Wettbewerbsbeitr\u00e4ge pr\u00fcfen und die Kommunen und privaten Initiativen ausw\u00e4hlen, die eine F\u00f6rderung f\u00fcr die Umsetzung ihrer Projektideen erhalten sollen. Die Preistr\u00e4ger werden voraussichtlich im April 2017 bekannt gegeben.<\/p>\n<p>\u201eSelbstverst\u00e4ndlich sollen und k\u00f6nnen auch wie bisher Konzepte mit Bezug zu Handel und Kultur oder Fragestellungen zu Integration und demografischem Wandel eingereicht werden. Grunds\u00e4tzlich gilt: Die Themen sind so vielf\u00e4ltig wie die hessischen St\u00e4dte und Gemeinden\u201c, sagte Hinz abschlie\u00dfend.<\/p>\n<p>Hintergrund:<br \/>\n\u201eAb in die Mitte! Die Innenstadt-Offensive Hessen\u201c ist eine Gemeinschaftsaktion des Hessischen Ministeriums f\u00fcr Umwelt, Klimaschutz, Landwirtschaft und Verbraucherschutz, der Fokus Development AG, der REWE Markt GmbH Region Mitte, dem Handelsverband Hessen e.V., der HA Stadtentwicklungsgesellschaft mbH, der Binding Brauerei und der SK Standort &amp; Kommune Beratungs GmbH, des Hessischen St\u00e4dtetages, des Hessischen St\u00e4dte- und Gemeindebundes, der Arbeitsgemeinschaft Hessischer Industrie- und Handelskammern, der Arbeitsgemeinschaft der Hessischen Handwerkskammern, der HA Hessen Agentur und dem DEHOGA Hessen. e.V.. Als Medienpartner unterst\u00fctzen hr4, die Frankfurter Allgemeine Zeitung &#8211; METROPOL und die Hessisch-Nieders\u00e4chsische Allgemeine.<\/p>\n<p>Weitere Informationen zu \u201eAb in die Mitte! Die Innenstadt-Offensive Hessen\u201c unter www.abindiemitte-hessen.de<\/p>\n","protected":false},"excerpt":{"rendered":"<div class=\"tmnf_excerpt\"><p>\u201eSetzen Sie ein Zeichen f\u00fcr Ihre Innenstadt, zeigen Sie uns, wie liebenswert das Zentrum Ihrer Stadt oder Gemeinde ist\u201c, sagte Stadtentwicklungsministerin Priska Hinz heute in Wiesbaden. Sie lud damit alle hessischen St\u00e4dte und Gemeinden sowie private Initiativen, die sich in den Kommunen oder Stadtteilen engagieren, ein, sich am Landeswettbewerb \u201eAb in die Mitte! Die Innenstadt-Offensive &hellip;<\/p>\n<\/div>","protected":false},"author":1,"featured_media":0,"comment_status":"closed","ping_status":"closed","sticky":false,"template":"","format":"standard","meta":{"footnotes":""},"categories":[1],"tags":[],"class_list":["post-155315","post","type-post","status-publish","format-standard","hentry","category-startseite"],"_links":{"self":[{"href":"https:\/\/www.fuldaernachrichten.de\/index.php?rest_route=\/wp\/v2\/posts\/155315","targetHints":{"allow":["GET"]}}],"collection":[{"href":"https:\/\/www.fuldaernachrichten.de\/index.php?rest_route=\/wp\/v2\/posts"}],"about":[{"href":"https:\/\/www.fuldaernachrichten.de\/index.php?rest_route=\/wp\/v2\/types\/post"}],"author":[{"embeddable":true,"href":"https:\/\/www.fuldaernachrichten.de\/index.php?rest_route=\/wp\/v2\/users\/1"}],"replies":[{"embeddable":true,"href":"https:\/\/www.fuldaernachrichten.de\/index.php?rest_route=%2Fwp%2Fv2%2Fcomments&post=155315"}],"version-history":[{"count":1,"href":"https:\/\/www.fuldaernachrichten.de\/index.php?rest_route=\/wp\/v2\/posts\/155315\/revisions"}],"predecessor-version":[{"id":155321,"href":"https:\/\/www.fuldaernachrichten.de\/index.php?rest_route=\/wp\/v2\/posts\/155315\/revisions\/155321"}],"wp:attachment":[{"href":"https:\/\/www.fuldaernachrichten.de\/index.php?rest_route=%2Fwp%2Fv2%2Fmedia&parent=155315"}],"wp:term":[{"taxonomy":"category","embeddable":true,"href":"https:\/\/www.fuldaernachrichten.de\/index.php?rest_route=%2Fwp%2Fv2%2Fcategories&post=155315"},{"taxonomy":"post_tag","embeddable":true,"href":"https:\/\/www.fuldaernachrichten.de\/index.php?rest_route=%2Fwp%2Fv2%2Ftags&post=155315"}],"curies":[{"name":"wp","href":"https:\/\/api.w.org\/{rel}","templated":true}]}}