{"id":155314,"date":"2016-09-21T16:32:21","date_gmt":"2016-09-21T14:32:21","guid":{"rendered":"http:\/\/www.fuldaer-nachrichten.de\/?p=155314"},"modified":"2016-09-21T16:32:21","modified_gmt":"2016-09-21T14:32:21","slug":"fuldaer-scalare-mit-zuechterpreis-ausgezeichnet","status":"publish","type":"post","link":"https:\/\/www.fuldaernachrichten.de\/?p=155314","title":{"rendered":"Fuldaer \u201eScalare\u201c mit Z\u00fcchterpreis ausgezeichnet"},"content":{"rendered":"<p>F\u00fcr Melanie el Mohamad, Matthias Frank sowie den 2. Vorsitzenden des Fuldaer Aquarien- und Terrarienvereins \u201eScalare\u201c, Markus J\u00e4ger, war es eine ganz besondere Ehre: Auf dem Bundeskongress des Verbands Deutscher Vereine f\u00fcr Aquarien- und Terrarienkunde e.V. (VDA) in Kiel wurden die drei Fuldaer Z\u00fcchter mit dem begehrten Z\u00fcchterpreis ausgezeichnet, der nur alle zwei Jahre vergeben wird. Den Reptilienexperten war es im vergangenen Jahr gelungen, erstmalig in Deutschland die vom Aussterben bedrohten Kubakrokodile (lat. Crocodylus rhombifer) zu vermehren.<\/p>\n<p>Der VDA ist der Dachverband f\u00fcr Aquarianer und Terrarianer in Deutschland mit \u00fcber 15.000 Mitgliedern, dem auch die Fuldaer \u201eScalare\u201c angeh\u00f6ren. Der Preis wird an Z\u00fcchter vergeben, denen die Vermehrung seltener oder nur<br \/>\nschwer nachzuziehender Arten gelingt. Auch Fuldas Oberb\u00fcrgermeister Dr. Heiko Wingenfeld freute sich die Auszeichnung, die an die drei Krokodilexperten vergeben wurde. Wingenfeld besucht die Aquarien- und Terrarienausstellung im T\u00fcmpelgarten regelm\u00e4\u00dfig. F\u00fcr das Stadtoberhaupt war es daher auch eine Selbstverst\u00e4ndlichkeit, den Z\u00fcchtern pers\u00f6nlich im T\u00fcmpelgarten<br \/>\nzu gratulieren.<\/p>\n<p>Bei dieser Gelegenheit konnten die Verantwortlichen dem Oberb\u00fcrgermeister stolz mitteilen, dass vor wenigen Tagen wieder kleine Krokodile geschl\u00fcpft sind. \u201eMan sieht also, dass der Zuchterfolg des letzten Jahres kein Zufall war und sich die Krokodile in ihrem Terrarium wohlf\u00fchlen\u201c, so der Vorsitzende des Vereins Christian Redweik. Oberb\u00fcrgermeister Dr. Wingenfeld erg\u00e4nzte: \u201eIch freue mich, dass den Scalaren diese seltene Zucht gelungen ist. Die Idee, die Tiere einem Projekt zur Arterhaltung zukommen zu lassen zeigt, dass hier mit gro\u00dfer Verantwortung gehandelt wird. Der Verein ist ein Beispiel daf\u00fcr, dass die oft kritisierte Haltung exotischer Tiere nicht vorschnell erfolgen darf \u2013 hier haben wir ein Beispiel mit einem hohen Ma\u00df an Nachhaltigkeit. Als Oberb\u00fcrgermeister freue ich mich nat\u00fcrlich, dass B\u00fcrgerinnen und B\u00fcrgern<br \/>\nunserer Stadt etwas Besonderes gelungen ist. Der Z\u00fcchterpreis best\u00e4tigt das noch einmal.\u201c<\/p>\n<p>Das vom Aussterben bedrohte Kubakrokodil-P\u00e4rchen aus dem T\u00fcmpelgarten wurde 1989 am Hauptbahnhof in Dessau beschlagnahmt. Tierschmuggler hatten versucht, die seltenen Reptilien direkt aus Kuba illegal nach Deutschland einzuf\u00fchren. Die Tiere waren von da an in zwei Tierparks untergebracht, bevor sie dann vor knapp 20 Jahren in die Aquarien- und Terrarienausstellung nach<br \/>\nFulda kamen. Markus J\u00e4ger und Matthias Frank vom Fuldaer Aquarien- und Terrarienverein sind bei den Naturschutzbeh\u00f6rden als ausgewiesene Reptilienexperten bekannt und bekamen vor vielen Jahren die M\u00f6glichkeit, die bis zu drei Meter gro\u00df werdenden Krokodile zu pflegen. Zu der damaligen Zeit war der Neubau des Ausstellungshauses im T\u00fcmpelgarten in Planung und so wurde das gro\u00dfz\u00fcgige Aquaterrarium f\u00fcr die beiden Panzerechsen in dem zweist\u00f6ckigen Geb\u00e4ude entsprechend ber\u00fccksichtigt. Die Nachzuchten sollen nun internationalen Zuchtprogrammen zugef\u00fchrt werden, die der Erhaltung dieser seltenen Krokodile dienen.<\/p>\n<p>Die jungen Kubakrokodile sind neben vielen anderen Tieren in der Aquarien- und Terrarienausstellung im T\u00fcmpelgarten zu sehen, die an Sonn- und Feiertagen von 10 bis 17 Uhr und nach Vereinbarung bis Anfang November ge\u00f6ffnet ist. Auf der Webseite der Fuldaer \u201eScalare\u201c www.scalare-fulda.de bekommt man viele Informationen \u00fcber die Aktivit\u00e4ten und Veranstaltungen<br \/>\ndes Vereins.<\/p>\n","protected":false},"excerpt":{"rendered":"<div class=\"tmnf_excerpt\"><p>F\u00fcr Melanie el Mohamad, Matthias Frank sowie den 2. Vorsitzenden des Fuldaer Aquarien- und Terrarienvereins \u201eScalare\u201c, Markus J\u00e4ger, war es eine ganz besondere Ehre: Auf dem Bundeskongress des Verbands Deutscher Vereine f\u00fcr Aquarien- und Terrarienkunde e.V. (VDA) in Kiel wurden die drei Fuldaer Z\u00fcchter mit dem begehrten Z\u00fcchterpreis ausgezeichnet, der nur alle zwei Jahre vergeben &hellip;<\/p>\n<\/div>","protected":false},"author":1,"featured_media":155317,"comment_status":"closed","ping_status":"closed","sticky":false,"template":"","format":"standard","meta":{"footnotes":""},"categories":[1],"tags":[],"class_list":["post-155314","post","type-post","status-publish","format-standard","has-post-thumbnail","hentry","category-startseite"],"_links":{"self":[{"href":"https:\/\/www.fuldaernachrichten.de\/index.php?rest_route=\/wp\/v2\/posts\/155314","targetHints":{"allow":["GET"]}}],"collection":[{"href":"https:\/\/www.fuldaernachrichten.de\/index.php?rest_route=\/wp\/v2\/posts"}],"about":[{"href":"https:\/\/www.fuldaernachrichten.de\/index.php?rest_route=\/wp\/v2\/types\/post"}],"author":[{"embeddable":true,"href":"https:\/\/www.fuldaernachrichten.de\/index.php?rest_route=\/wp\/v2\/users\/1"}],"replies":[{"embeddable":true,"href":"https:\/\/www.fuldaernachrichten.de\/index.php?rest_route=%2Fwp%2Fv2%2Fcomments&post=155314"}],"version-history":[{"count":1,"href":"https:\/\/www.fuldaernachrichten.de\/index.php?rest_route=\/wp\/v2\/posts\/155314\/revisions"}],"predecessor-version":[{"id":155319,"href":"https:\/\/www.fuldaernachrichten.de\/index.php?rest_route=\/wp\/v2\/posts\/155314\/revisions\/155319"}],"wp:featuredmedia":[{"embeddable":true,"href":"https:\/\/www.fuldaernachrichten.de\/index.php?rest_route=\/wp\/v2\/media\/155317"}],"wp:attachment":[{"href":"https:\/\/www.fuldaernachrichten.de\/index.php?rest_route=%2Fwp%2Fv2%2Fmedia&parent=155314"}],"wp:term":[{"taxonomy":"category","embeddable":true,"href":"https:\/\/www.fuldaernachrichten.de\/index.php?rest_route=%2Fwp%2Fv2%2Fcategories&post=155314"},{"taxonomy":"post_tag","embeddable":true,"href":"https:\/\/www.fuldaernachrichten.de\/index.php?rest_route=%2Fwp%2Fv2%2Ftags&post=155314"}],"curies":[{"name":"wp","href":"https:\/\/api.w.org\/{rel}","templated":true}]}}