{"id":155306,"date":"2016-09-21T16:30:04","date_gmt":"2016-09-21T14:30:04","guid":{"rendered":"http:\/\/www.fuldaer-nachrichten.de\/?p=155306"},"modified":"2016-09-21T16:30:04","modified_gmt":"2016-09-21T14:30:04","slug":"modellbahnschau-in-mellrichstadt-spurenvielfalt-in-der-oskar-herbig-halle-am-24-und-25-sept-2016","status":"publish","type":"post","link":"https:\/\/www.fuldaernachrichten.de\/?p=155306","title":{"rendered":"Modellbahnschau in Mellrichstadt &#8211; Spurenvielfalt in der Oskar-Herbig-Halle  am 24. und 25. Sept. 2016"},"content":{"rendered":"<p>Viele Freunde der Modelleisenbahn warten schon auf das letzte Septemberwochenende, denn am Samstag, den 24. September, 10:00 Uhr beginnt die Modellbahnschau der Eisenbahnfreunde Mellrichstadt e. V. F\u00fcr zwei Tagen verwandelt sich die Oskar-Herbig-Halle in ein Paradies f\u00fcr Eisenbahnenthusiasten aus Nah und Fern.<\/p>\n<p>Auf der Ausstellungsfl\u00e4che sehen die Besucher Anlagen von Ausstellern aus Suhl, Mittelschmalkalden, R\u00f6mhild und den Eisenbahnfreunden aus Mellrichstadt. Erstmals in Mellrichstadt wird der\u00c2\u00a0 Nachbau des Fladunger Bahnhofsgel\u00e4nde pr\u00e4sentiert. Die Anlage (H0 1:87) spiegelt die Zeit um 1950 am Bahnhof wieder. Fehlen d\u00fcrfen auch nicht die authentische Betriebsger\u00e4usche der Lokomotiven (Spur 1) in dezenter Lautst\u00e4rke, sie machen die Ausstellung zu einem echten Eisenbahn-Erlebnis Wie in den letzten Jahren auch ist f\u00fcr die j\u00fcngeren Besucher eine LGB-Anlage aufgebaut, an der Sie selbst an die Fahrpulte d\u00fcrfen.<\/p>\n<p>Am Sonntag Herbstmarkt in der Innenstadt, au\u00dferdem f\u00e4hrt auch das Rh\u00f6n-Z\u00fcgle zwischen Fladungen und Mellrichstadt.<br \/>\n\u00d6ffnungszeiten Modellbahnschau:<br \/>\nSa. 24. 09.16 von 10:00 Uhr bis 18:00 Uhr und<br \/>\nSo. 25..09.16 von 10:00 bis 17:00 Uhr<br \/>\nwww.eisenbahnfreunde-mellrichstadt.de<\/p>\n","protected":false},"excerpt":{"rendered":"<div class=\"tmnf_excerpt\"><p>Viele Freunde der Modelleisenbahn warten schon auf das letzte Septemberwochenende, denn am Samstag, den 24. September, 10:00 Uhr beginnt die Modellbahnschau der Eisenbahnfreunde Mellrichstadt e. V. F\u00fcr zwei Tagen verwandelt sich die Oskar-Herbig-Halle in ein Paradies f\u00fcr Eisenbahnenthusiasten aus Nah und Fern. Auf der Ausstellungsfl\u00e4che sehen die Besucher Anlagen von Ausstellern aus Suhl, Mittelschmalkalden, R\u00f6mhild &hellip;<\/p>\n<\/div>","protected":false},"author":1,"featured_media":155310,"comment_status":"closed","ping_status":"closed","sticky":false,"template":"","format":"standard","meta":{"footnotes":""},"categories":[1],"tags":[],"class_list":["post-155306","post","type-post","status-publish","format-standard","has-post-thumbnail","hentry","category-startseite"],"_links":{"self":[{"href":"https:\/\/www.fuldaernachrichten.de\/index.php?rest_route=\/wp\/v2\/posts\/155306","targetHints":{"allow":["GET"]}}],"collection":[{"href":"https:\/\/www.fuldaernachrichten.de\/index.php?rest_route=\/wp\/v2\/posts"}],"about":[{"href":"https:\/\/www.fuldaernachrichten.de\/index.php?rest_route=\/wp\/v2\/types\/post"}],"author":[{"embeddable":true,"href":"https:\/\/www.fuldaernachrichten.de\/index.php?rest_route=\/wp\/v2\/users\/1"}],"replies":[{"embeddable":true,"href":"https:\/\/www.fuldaernachrichten.de\/index.php?rest_route=%2Fwp%2Fv2%2Fcomments&post=155306"}],"version-history":[{"count":1,"href":"https:\/\/www.fuldaernachrichten.de\/index.php?rest_route=\/wp\/v2\/posts\/155306\/revisions"}],"predecessor-version":[{"id":155311,"href":"https:\/\/www.fuldaernachrichten.de\/index.php?rest_route=\/wp\/v2\/posts\/155306\/revisions\/155311"}],"wp:featuredmedia":[{"embeddable":true,"href":"https:\/\/www.fuldaernachrichten.de\/index.php?rest_route=\/wp\/v2\/media\/155310"}],"wp:attachment":[{"href":"https:\/\/www.fuldaernachrichten.de\/index.php?rest_route=%2Fwp%2Fv2%2Fmedia&parent=155306"}],"wp:term":[{"taxonomy":"category","embeddable":true,"href":"https:\/\/www.fuldaernachrichten.de\/index.php?rest_route=%2Fwp%2Fv2%2Fcategories&post=155306"},{"taxonomy":"post_tag","embeddable":true,"href":"https:\/\/www.fuldaernachrichten.de\/index.php?rest_route=%2Fwp%2Fv2%2Ftags&post=155306"}],"curies":[{"name":"wp","href":"https:\/\/api.w.org\/{rel}","templated":true}]}}