{"id":155302,"date":"2016-09-21T16:28:25","date_gmt":"2016-09-21T14:28:25","guid":{"rendered":"http:\/\/www.fuldaer-nachrichten.de\/?p=155302"},"modified":"2016-09-21T16:28:25","modified_gmt":"2016-09-21T14:28:25","slug":"drk-spielmanns-und-fanfarenzug-rueckers-praesentierte-sich-beim-radetzky-fest-in-tschechien","status":"publish","type":"post","link":"https:\/\/www.fuldaernachrichten.de\/?p=155302","title":{"rendered":"DRK Spielmanns \u2013und Fanfarenzug R\u00fcckers pr\u00e4sentierte sich beim Radetzky-Fest in Tschechien"},"content":{"rendered":"<p>Am vergangenen Wochenende spielten die Musiker des DRK Spielmanns- und Fanfarenzug R\u00fcckers zum ersten Mal in Tschechien. Genauer ging es zum Radetzky-Fest ins m\u00e4hrische Olm\u00fctz. Der legend\u00e4re \u00f6sterreichische Feldmarschall war von 1829 &#8211; 1831 Kommandant auf der st\u00e4dtischen Festung. Ihm zu Ehren wird jedes Jahr vor Dreifaltigkeitss\u00e4ule, einem UNESCO-Weltkulturerbe, am Rathausplatz eine Milit\u00e4rmusikshow veranstaltet. Die R\u00fcckerser durften ihr K\u00f6nnen hier neben Milit\u00e4rz\u00fcgen und Musikvereinen aus Polen, Tschechien, der Slowakei und \u00d6sterreich gleich in zwei Showveranstaltungen zum Besten geben.<\/p>\n<p>Neben hochrangigen Ehreng\u00e4sten, wie zum Beispiel Tschechiens Ministerpr\u00e4sidenten, Bohuslav Sobotka, str\u00f6mten am Morgen und am Nachmittag zahlreiche Zuschauer auf den Platz. Die Musiker aus der Gro\u00dfgemeinde Flieden konnten mit ihrer Darbietung einmal mehr die Stimmung zum Kochen bringen und so f\u00fcr ein Highlight des Programms sorgen.<\/p>\n<p>Auch die Geselligkeit kam in Tschechien nicht zu kurz. Nach der Veranstaltung entstanden in gem\u00fctlicher Runde neue Freundschaften zu den \u00f6sterreichischen Musikern der Stadtkapelle Fehring aus der N\u00e4he von Graz. Nach diesem Auftritt, der den Spielleuten noch lange in sch\u00f6ner Erinnerung bleiben wird, f\u00fchrt die diesj\u00e4hrige Tour den DRK Spielmanns- und Fanfarenzug R\u00fcckers Anfang Oktober nochmals nach Frankreich in die n\u00f6rdlich von Paris gelegene Kleinstadt Formerie.<\/p>\n","protected":false},"excerpt":{"rendered":"<div class=\"tmnf_excerpt\"><p>Am vergangenen Wochenende spielten die Musiker des DRK Spielmanns- und Fanfarenzug R\u00fcckers zum ersten Mal in Tschechien. Genauer ging es zum Radetzky-Fest ins m\u00e4hrische Olm\u00fctz. Der legend\u00e4re \u00f6sterreichische Feldmarschall war von 1829 &#8211; 1831 Kommandant auf der st\u00e4dtischen Festung. Ihm zu Ehren wird jedes Jahr vor Dreifaltigkeitss\u00e4ule, einem UNESCO-Weltkulturerbe, am Rathausplatz eine Milit\u00e4rmusikshow veranstaltet. Die &hellip;<\/p>\n<\/div>","protected":false},"author":1,"featured_media":155303,"comment_status":"closed","ping_status":"closed","sticky":false,"template":"","format":"standard","meta":{"footnotes":""},"categories":[1],"tags":[],"class_list":["post-155302","post","type-post","status-publish","format-standard","has-post-thumbnail","hentry","category-startseite"],"_links":{"self":[{"href":"https:\/\/www.fuldaernachrichten.de\/index.php?rest_route=\/wp\/v2\/posts\/155302","targetHints":{"allow":["GET"]}}],"collection":[{"href":"https:\/\/www.fuldaernachrichten.de\/index.php?rest_route=\/wp\/v2\/posts"}],"about":[{"href":"https:\/\/www.fuldaernachrichten.de\/index.php?rest_route=\/wp\/v2\/types\/post"}],"author":[{"embeddable":true,"href":"https:\/\/www.fuldaernachrichten.de\/index.php?rest_route=\/wp\/v2\/users\/1"}],"replies":[{"embeddable":true,"href":"https:\/\/www.fuldaernachrichten.de\/index.php?rest_route=%2Fwp%2Fv2%2Fcomments&post=155302"}],"version-history":[{"count":1,"href":"https:\/\/www.fuldaernachrichten.de\/index.php?rest_route=\/wp\/v2\/posts\/155302\/revisions"}],"predecessor-version":[{"id":155304,"href":"https:\/\/www.fuldaernachrichten.de\/index.php?rest_route=\/wp\/v2\/posts\/155302\/revisions\/155304"}],"wp:featuredmedia":[{"embeddable":true,"href":"https:\/\/www.fuldaernachrichten.de\/index.php?rest_route=\/wp\/v2\/media\/155303"}],"wp:attachment":[{"href":"https:\/\/www.fuldaernachrichten.de\/index.php?rest_route=%2Fwp%2Fv2%2Fmedia&parent=155302"}],"wp:term":[{"taxonomy":"category","embeddable":true,"href":"https:\/\/www.fuldaernachrichten.de\/index.php?rest_route=%2Fwp%2Fv2%2Fcategories&post=155302"},{"taxonomy":"post_tag","embeddable":true,"href":"https:\/\/www.fuldaernachrichten.de\/index.php?rest_route=%2Fwp%2Fv2%2Ftags&post=155302"}],"curies":[{"name":"wp","href":"https:\/\/api.w.org\/{rel}","templated":true}]}}