{"id":155289,"date":"2016-09-20T07:39:40","date_gmt":"2016-09-20T05:39:40","guid":{"rendered":"http:\/\/www.fuldaer-nachrichten.de\/?p=155289"},"modified":"2016-09-18T07:42:58","modified_gmt":"2016-09-18T05:42:58","slug":"bei-wettbewerb-zur-lesefoerderung-wurden-mehr-als-15-millionen-punkte-gesammelt-bruederpaar-aus-schlitzenhausen-raeumt-bei-antolin-ab","status":"publish","type":"post","link":"https:\/\/www.fuldaernachrichten.de\/?p=155289","title":{"rendered":"Bei Wettbewerb zur Lesef\u00f6rderung wurden mehr als 1,5 Millionen Punkte gesammelt &#8211; Br\u00fcderpaar aus Schlitzenhausen r\u00e4umt bei Antolin ab"},"content":{"rendered":"<p>Philipp und Alexander Leutbecher aus den Klassen 2 und 4 der Regenbogenschule Schlitzenhausen haben die diesj\u00e4hrigen Antolin-Pokale f\u00fcr die Klassenbesten gewonnen. Zus\u00e4tzlich erhielt Philipp Leutbecher die Urkunde f\u00fcr den besten Leser aller Landkreisschulen von Fachdienstleiterin Melanie Doran. Stellvertretend f\u00fcr die Stadtschulen \u00fcbergab Stadtrat Wolfgang Arnold in der Ottilienschule Niesig den flei\u00dfigsten Leserinnen und Lesern ihre Urkunden. Maximilian Dokoupol von der Klasse 4b der Sturmiusschule und Sophie Reith von der Klasse 4c der Astrid-Lindgren-Schule stellten die Gesamtsieger bei den Stadtschulen.<\/p>\n<p>Medienzentrumsleiterin Elisabeth Franc und ihr Team hatten erneut die Auswertung des seit mehr als einem Jahrzehnt von der Kreis- und Stadtbildstelle Fulda betreuten Wettbewerbs zur Lesef\u00f6rderung \u00fcbernommen. Die Sch\u00fclerinnen und Sch\u00fcler erhalten nach der Lekt\u00fcre von Kinderb\u00fcchern f\u00fcr richtig beantwortete Fragen zum Inhalt Antolin-Punkte. Da allein f\u00fcr die Siegerkinder der einzelnen Klassen 700.000 Punkte zusammenkamen, geht Medienp\u00e4dagogin Franc von mehr als 1,5 Millionen erlesenen Punkten aus. F\u00fcr Franc, die sich auch im Namen der Schultr\u00e4ger bei den Lehrerinnen und Lehrern der beteiligten Schulen f\u00fcr die Unterst\u00fctzung bedankte, ein erneuter Erfolg zur F\u00f6rderung der grundlegenden Kompetenz im Bereich Texte lesen und verstehen.<\/p>\n<p>Sieger Landkreisschulen<br \/>\nGesamtsieger:\u00c2\u00a0\u00c2\u00a0 \u00c2\u00a0Bilal-Emre Tetik, Klasse 3, Fliedetalschule Flieden<br \/>\nGesamtsiegerin:\u00c2\u00a0\u00c2\u00a0 \u00c2\u00a0Hermine K\u00f6nig, Klasse 4a, Grundschule Marbach<br \/>\nKlasse 1:\u00c2\u00a0\u00c2\u00a0 \u00c2\u00a0\u00c2\u00a0\u00c2\u00a0 \u00c2\u00a0Kelly Strehlow, Grundschule Marbach<br \/>\nLinus Herbert, Fliedetalschule<br \/>\nKlasse 2:\u00c2\u00a0\u00c2\u00a0 \u00c2\u00a0\u00c2\u00a0\u00c2\u00a0 \u00c2\u00a0Aurelia K\u00f6nig, Grundschule Marbach<br \/>\nAlexander Leutbecher, Regenbogenschule Schlitzenhausen<br \/>\nKlasse 3:\u00c2\u00a0\u00c2\u00a0 \u00c2\u00a0\u00c2\u00a0\u00c2\u00a0 \u00c2\u00a0Marla Bieber, Ahornschule L\u00fctter<br \/>\nBilal-Emre Tetik, Fliedetalschule Flieden<br \/>\nKlasse 4:\u00c2\u00a0\u00c2\u00a0 \u00c2\u00a0\u00c2\u00a0\u00c2\u00a0 \u00c2\u00a0Hermine K\u00f6nig, Grundschule Marbach<br \/>\nPhilipp Leutbecher, Regenbogenschule Schlitzenhausen<\/p>\n<p>Sieger Stadtschulen<br \/>\nGesamtsieger:\u00c2\u00a0\u00c2\u00a0 \u00c2\u00a0Maximilian Dokoupil, Klasse 4b, Sturmiusschule<br \/>\nGesamtsiegerin: \u00c2\u00a0\u00c2\u00a0 \u00c2\u00a0Sophie Rein, Klasse 4c, Astrid-Lindgren-Schule<br \/>\nKlasse 1:\u00c2\u00a0\u00c2\u00a0 \u00c2\u00a0\u00c2\u00a0\u00c2\u00a0 \u00c2\u00a0Vivian Metzker, Astrid-Lindgren-Schule<br \/>\nGabriel Klein, Astrid-Lindgren-Schule<br \/>\nKlasse 2:\u00c2\u00a0\u00c2\u00a0 \u00c2\u00a0\u00c2\u00a0\u00c2\u00a0 \u00c2\u00a0Nicole Miller, Bonifatiusschule<br \/>\nLeo Krack, ABC-Land-Schule<br \/>\nKlasse 3:\u00c2\u00a0\u00c2\u00a0 \u00c2\u00a0\u00c2\u00a0\u00c2\u00a0 \u00c2\u00a0Eileen Tolsdorf, Bonifatiusschule<br \/>\nJohannes Lindenbaum, Sturmiusschule<br \/>\nKlasse 4:\u00c2\u00a0\u00c2\u00a0 \u00c2\u00a0\u00c2\u00a0\u00c2\u00a0 \u00c2\u00a0Sophie Rein, Astrid-Lindgren-Schule<br \/>\nMaximilian Dokoupil, Sturmiusschule<\/p>\n","protected":false},"excerpt":{"rendered":"<div class=\"tmnf_excerpt\"><p>Philipp und Alexander Leutbecher aus den Klassen 2 und 4 der Regenbogenschule Schlitzenhausen haben die diesj\u00e4hrigen Antolin-Pokale f\u00fcr die Klassenbesten gewonnen. Zus\u00e4tzlich erhielt Philipp Leutbecher die Urkunde f\u00fcr den besten Leser aller Landkreisschulen von Fachdienstleiterin Melanie Doran. Stellvertretend f\u00fcr die Stadtschulen \u00fcbergab Stadtrat Wolfgang Arnold in der Ottilienschule Niesig den flei\u00dfigsten Leserinnen und Lesern ihre &hellip;<\/p>\n<\/div>","protected":false},"author":1,"featured_media":155298,"comment_status":"closed","ping_status":"closed","sticky":false,"template":"","format":"standard","meta":{"footnotes":""},"categories":[1],"tags":[],"class_list":["post-155289","post","type-post","status-publish","format-standard","has-post-thumbnail","hentry","category-startseite"],"_links":{"self":[{"href":"https:\/\/www.fuldaernachrichten.de\/index.php?rest_route=\/wp\/v2\/posts\/155289","targetHints":{"allow":["GET"]}}],"collection":[{"href":"https:\/\/www.fuldaernachrichten.de\/index.php?rest_route=\/wp\/v2\/posts"}],"about":[{"href":"https:\/\/www.fuldaernachrichten.de\/index.php?rest_route=\/wp\/v2\/types\/post"}],"author":[{"embeddable":true,"href":"https:\/\/www.fuldaernachrichten.de\/index.php?rest_route=\/wp\/v2\/users\/1"}],"replies":[{"embeddable":true,"href":"https:\/\/www.fuldaernachrichten.de\/index.php?rest_route=%2Fwp%2Fv2%2Fcomments&post=155289"}],"version-history":[{"count":1,"href":"https:\/\/www.fuldaernachrichten.de\/index.php?rest_route=\/wp\/v2\/posts\/155289\/revisions"}],"predecessor-version":[{"id":155299,"href":"https:\/\/www.fuldaernachrichten.de\/index.php?rest_route=\/wp\/v2\/posts\/155289\/revisions\/155299"}],"wp:featuredmedia":[{"embeddable":true,"href":"https:\/\/www.fuldaernachrichten.de\/index.php?rest_route=\/wp\/v2\/media\/155298"}],"wp:attachment":[{"href":"https:\/\/www.fuldaernachrichten.de\/index.php?rest_route=%2Fwp%2Fv2%2Fmedia&parent=155289"}],"wp:term":[{"taxonomy":"category","embeddable":true,"href":"https:\/\/www.fuldaernachrichten.de\/index.php?rest_route=%2Fwp%2Fv2%2Fcategories&post=155289"},{"taxonomy":"post_tag","embeddable":true,"href":"https:\/\/www.fuldaernachrichten.de\/index.php?rest_route=%2Fwp%2Fv2%2Ftags&post=155289"}],"curies":[{"name":"wp","href":"https:\/\/api.w.org\/{rel}","templated":true}]}}