{"id":155274,"date":"2016-09-18T07:38:18","date_gmt":"2016-09-18T05:38:18","guid":{"rendered":"http:\/\/www.fuldaer-nachrichten.de\/?p=155274"},"modified":"2016-09-18T07:38:18","modified_gmt":"2016-09-18T05:38:18","slug":"start-der-aktion-antonius-gegen-gewalt","status":"publish","type":"post","link":"https:\/\/www.fuldaernachrichten.de\/?p=155274","title":{"rendered":"Start der Aktion \u201eantonius gegen Gewalt\u201c"},"content":{"rendered":"<p>Als erster Bereich des antonius Netzwerks hat heute die Arbeitsschule Startbahn die Aktion \u201eantonius gegen Gewalt\u201c ins Leben gerufen. \u201eEs gibt so viel Gewalt auf der Welt. Wir wollen mit gutem Beispiel vorangehen und zeigen, dass es auch anders geht\u201c, erkl\u00e4rt Michaela Lengsfeld, Gesch\u00e4ftsf\u00fchrerin von antonius. Aus diesem Grund startet das Netzwerk antonius die Aktion, bei der ein faires und wertsch\u00e4tzendes Miteinander im Mittelpunkt steht. \u201eDie Startbahn geht mit einem guten Beispiel voran. Wir starten mit der Aktion auch in anderen Bereiche von antonius\u201c, so Lengsfeld weiter.<\/p>\n<p>Als Leiterin der Startbahn ist es Lysann Elze-Gischel ein zentrales Anliegen, eine Atmosph\u00e4re in der Schule zu schaffen, in der jeder zeigt, was er kann. Viele junge Menschen sind bereits in Kontakt mit Gewalt gekommen \u2013 Zuhause, auf der Flucht, vielleicht auch in der Schule. \u201eWir werden nicht wegschauen. Wir werden hinschauen und daf\u00fcr sorgen, dass jeder angstfrei und gewaltfrei lernen kann\u201c, so Elze-Gischel.<\/p>\n<p>Die Aktion \u201eantonius gegen Gewalt\u201c umfasst drei Plakate mit den Themen: nein hei\u00dft nein, reden nicht schlagen und ansehen nicht anfassen. F\u00fcr den Aktionsstart haben die Sch\u00fcler zwei Filme gedreht, in denen sie die Situationen auf den Plakaten nachspielen und gleichzeitig zeigen, welche Reaktion bei Problemen richtig ist. Die Sch\u00fcler werden die Inhalte von \u201eanotnius gegen Gewalt\u201c im Klassenverband besprechen und erarbeiten. \u201eDenn jeder kann sagen, was er m\u00f6chte und was er nicht m\u00f6chte. Das ist wichtig f\u00fcr ein freies Leben\u201c, erg\u00e4nzt die Leiterin der Startbahn.<\/p>\n","protected":false},"excerpt":{"rendered":"<div class=\"tmnf_excerpt\"><p>Als erster Bereich des antonius Netzwerks hat heute die Arbeitsschule Startbahn die Aktion \u201eantonius gegen Gewalt\u201c ins Leben gerufen. \u201eEs gibt so viel Gewalt auf der Welt. Wir wollen mit gutem Beispiel vorangehen und zeigen, dass es auch anders geht\u201c, erkl\u00e4rt Michaela Lengsfeld, Gesch\u00e4ftsf\u00fchrerin von antonius. Aus diesem Grund startet das Netzwerk antonius die Aktion, &hellip;<\/p>\n<\/div>","protected":false},"author":1,"featured_media":155280,"comment_status":"closed","ping_status":"closed","sticky":false,"template":"","format":"standard","meta":{"footnotes":""},"categories":[1],"tags":[],"class_list":["post-155274","post","type-post","status-publish","format-standard","has-post-thumbnail","hentry","category-startseite"],"_links":{"self":[{"href":"https:\/\/www.fuldaernachrichten.de\/index.php?rest_route=\/wp\/v2\/posts\/155274","targetHints":{"allow":["GET"]}}],"collection":[{"href":"https:\/\/www.fuldaernachrichten.de\/index.php?rest_route=\/wp\/v2\/posts"}],"about":[{"href":"https:\/\/www.fuldaernachrichten.de\/index.php?rest_route=\/wp\/v2\/types\/post"}],"author":[{"embeddable":true,"href":"https:\/\/www.fuldaernachrichten.de\/index.php?rest_route=\/wp\/v2\/users\/1"}],"replies":[{"embeddable":true,"href":"https:\/\/www.fuldaernachrichten.de\/index.php?rest_route=%2Fwp%2Fv2%2Fcomments&post=155274"}],"version-history":[{"count":1,"href":"https:\/\/www.fuldaernachrichten.de\/index.php?rest_route=\/wp\/v2\/posts\/155274\/revisions"}],"predecessor-version":[{"id":155281,"href":"https:\/\/www.fuldaernachrichten.de\/index.php?rest_route=\/wp\/v2\/posts\/155274\/revisions\/155281"}],"wp:featuredmedia":[{"embeddable":true,"href":"https:\/\/www.fuldaernachrichten.de\/index.php?rest_route=\/wp\/v2\/media\/155280"}],"wp:attachment":[{"href":"https:\/\/www.fuldaernachrichten.de\/index.php?rest_route=%2Fwp%2Fv2%2Fmedia&parent=155274"}],"wp:term":[{"taxonomy":"category","embeddable":true,"href":"https:\/\/www.fuldaernachrichten.de\/index.php?rest_route=%2Fwp%2Fv2%2Fcategories&post=155274"},{"taxonomy":"post_tag","embeddable":true,"href":"https:\/\/www.fuldaernachrichten.de\/index.php?rest_route=%2Fwp%2Fv2%2Ftags&post=155274"}],"curies":[{"name":"wp","href":"https:\/\/api.w.org\/{rel}","templated":true}]}}