{"id":155259,"date":"2016-09-19T07:30:29","date_gmt":"2016-09-19T05:30:29","guid":{"rendered":"http:\/\/www.fuldaer-nachrichten.de\/?p=155259"},"modified":"2016-09-18T07:35:46","modified_gmt":"2016-09-18T05:35:46","slug":"260-000-euro-vom-land-fuer-erweiterung-des-katholischen-kindergartens-in-bad-salschlirf","status":"publish","type":"post","link":"https:\/\/www.fuldaernachrichten.de\/?p=155259","title":{"rendered":"260.000 Euro vom Land f\u00fcr Erweiterung des katholischen Kindergartens in Bad Salschlirf"},"content":{"rendered":"<p>Die Tendenz, dass Kurgemeinden eine eher ung\u00fcnstige Bev\u00f6lkerungsstruktur mit \u00fcberdurchschnittlich vielen \u00e4lteren Menschen aufweisen, trifft auf Bad Salzschlirf offensichtlich nicht &#8211; mehr &#8211; zu. Aktuelles Beispiel: Der \u00f6rtliche Kindergarten wird um eine f\u00fcnfte und eine sechste Gruppe erweitert. Hierzu ist eine gr\u00f6\u00dfere Bauma\u00dfnahme erforderlich, wof\u00fcr Regierungspr\u00e4sident Dr. Walter L\u00fcbcke im Beisein des Ersten Kreisbeigeordneten Frederik Schmitt einen F\u00f6rderbescheid in H\u00f6he von 260.000 Euro an B\u00fcrgermeister Matthias K\u00fcbel \u00fcberreichte.<\/p>\n<p>Der B\u00fcrgermeister kann sich noch an andere Zeiten erinnern: Als er sein Amt 2011 angetreten habe, sei fraglich gewesen, ob die bestehenden vier Gruppen wegen der gesunkenen Kinderzahlen auch in Zukunft aufrechterhalten werden k\u00f6nnten. Inzwischen ist der auf 80 Pl\u00e4tze ausgelegte und von der katholischen Kirchengemeinde betriebene Kindergarten nicht zuletzt durch den verst\u00e4rkten Zuzug von Fl\u00fcchtlingsfamilien an Kapazit\u00e4tsgrenzen gesto\u00dfen, so dass eine Au\u00dfengruppe eingerichtet werden musste, die \u00fcbergangsweise im evangelischen Gemeindesaal untergebracht ist.<\/p>\n<p>Der Erweiterungsbau wird auf einem Teil des Au\u00dfengel\u00e4ndes in s\u00fcdlicher Richtung entstehen und an die Geb\u00e4udetechnik des Altbaus angeschlossen. Vorgesehen ist ein l\u00e4ngst gerichteter, quaderf\u00f6rmiger Bauk\u00f6rper in Massivbauweise mit einer gestalteten Holzverkleidung, gro\u00dfz\u00fcgigen Glasfassaden und einem begr\u00fcnten Flachdach. Das anfallende Regenwasser soll in einer Zisterne gesammelt und f\u00fcr die Bew\u00e4sserung der Au\u00dfenanlage verwendet werden. Die Baukosten sind mit 570.000 Euro veranschlagt. Erste Auftr\u00e4ge wurden von der Gemeinde, die auch Bautr\u00e4ger ist, vergeben.<\/p>\n<p>Nach der f\u00fcr August n\u00e4chsten Jahres geplanten Fertigstellung wird der Neubau eine Gruppe f\u00fcr unter Dreij\u00e4hrige und eine altersgemischte Gruppe beherbergen. Weitere Ma\u00dfnahmen im Landkreis Fulda, die aus dem Investitionsprogramm \u201eKinderbetreuungsfinanzierung\u201c des laufenden Haushaltsjahres gef\u00f6rdert werden, sind die Erweiterung der Kindertagesst\u00e4tten \u201eSternschnuppe\u201c in Eichenzell mit 160.000 Euro und \u201eRauschenberg\u201c in Petersberg mit 100.000 Euro sowie der Umbau der katholischen Kindertagesst\u00e4tte \u201eSt. Raphael\u201c in N\u00fcsttal-Hofaschenbach mit 28.777 Euro.<\/p>\n<p>Anl\u00e4sslich der \u00dcberreichung des F\u00f6rderbescheids hob Regierungspr\u00e4sident Dr. L\u00fcbcke besonders das Engagement der Erzieherinnen hervor, die stellvertretend f\u00fcr ihre Berufskolleginnen st\u00fcnden. Es gebe nichts Sch\u00f6neres als die Arbeit an und mit jungen Menschen. Erster Kreisbeigeordneter Schmitt betonte, dass fast die H\u00e4lfte des auf den Landkreis entfallenden F\u00f6rdervolumens nach Bad Salzschlirf gehe. Damit werde die Aufw\u00e4rtsentwicklung in der Gemeinde unterstrichen. B\u00fcrgermeister K\u00fcbel lobte unter anderem die gute F\u00f6rderberatung durch den Fachdienst der Kreisverwaltung.<\/p>\n","protected":false},"excerpt":{"rendered":"<div class=\"tmnf_excerpt\"><p>Die Tendenz, dass Kurgemeinden eine eher ung\u00fcnstige Bev\u00f6lkerungsstruktur mit \u00fcberdurchschnittlich vielen \u00e4lteren Menschen aufweisen, trifft auf Bad Salzschlirf offensichtlich nicht &#8211; mehr &#8211; zu. Aktuelles Beispiel: Der \u00f6rtliche Kindergarten wird um eine f\u00fcnfte und eine sechste Gruppe erweitert. Hierzu ist eine gr\u00f6\u00dfere Bauma\u00dfnahme erforderlich, wof\u00fcr Regierungspr\u00e4sident Dr. Walter L\u00fcbcke im Beisein des Ersten Kreisbeigeordneten Frederik &hellip;<\/p>\n<\/div>","protected":false},"author":1,"featured_media":155272,"comment_status":"closed","ping_status":"closed","sticky":false,"template":"","format":"standard","meta":{"footnotes":""},"categories":[1],"tags":[],"class_list":["post-155259","post","type-post","status-publish","format-standard","has-post-thumbnail","hentry","category-startseite"],"_links":{"self":[{"href":"https:\/\/www.fuldaernachrichten.de\/index.php?rest_route=\/wp\/v2\/posts\/155259","targetHints":{"allow":["GET"]}}],"collection":[{"href":"https:\/\/www.fuldaernachrichten.de\/index.php?rest_route=\/wp\/v2\/posts"}],"about":[{"href":"https:\/\/www.fuldaernachrichten.de\/index.php?rest_route=\/wp\/v2\/types\/post"}],"author":[{"embeddable":true,"href":"https:\/\/www.fuldaernachrichten.de\/index.php?rest_route=\/wp\/v2\/users\/1"}],"replies":[{"embeddable":true,"href":"https:\/\/www.fuldaernachrichten.de\/index.php?rest_route=%2Fwp%2Fv2%2Fcomments&post=155259"}],"version-history":[{"count":1,"href":"https:\/\/www.fuldaernachrichten.de\/index.php?rest_route=\/wp\/v2\/posts\/155259\/revisions"}],"predecessor-version":[{"id":155273,"href":"https:\/\/www.fuldaernachrichten.de\/index.php?rest_route=\/wp\/v2\/posts\/155259\/revisions\/155273"}],"wp:featuredmedia":[{"embeddable":true,"href":"https:\/\/www.fuldaernachrichten.de\/index.php?rest_route=\/wp\/v2\/media\/155272"}],"wp:attachment":[{"href":"https:\/\/www.fuldaernachrichten.de\/index.php?rest_route=%2Fwp%2Fv2%2Fmedia&parent=155259"}],"wp:term":[{"taxonomy":"category","embeddable":true,"href":"https:\/\/www.fuldaernachrichten.de\/index.php?rest_route=%2Fwp%2Fv2%2Fcategories&post=155259"},{"taxonomy":"post_tag","embeddable":true,"href":"https:\/\/www.fuldaernachrichten.de\/index.php?rest_route=%2Fwp%2Fv2%2Ftags&post=155259"}],"curies":[{"name":"wp","href":"https:\/\/api.w.org\/{rel}","templated":true}]}}