{"id":155247,"date":"2016-09-19T07:27:16","date_gmt":"2016-09-19T05:27:16","guid":{"rendered":"http:\/\/www.fuldaer-nachrichten.de\/?p=155247"},"modified":"2016-09-18T07:30:16","modified_gmt":"2016-09-18T05:30:16","slug":"jugendamt-und-gemeinde-hilders-bringen-bevoelkerung-und-unbegleitete-minderjaehrige-auslaender-in-kontakt","status":"publish","type":"post","link":"https:\/\/www.fuldaernachrichten.de\/?p=155247","title":{"rendered":"Jugendamt und Gemeinde Hilders bringen Bev\u00f6lkerung und unbegleitete minderj\u00e4hrige Ausl\u00e4nder in Kontakt"},"content":{"rendered":"<p><a href=\"http:\/\/www.fuldaer-nachrichten.de\/wp-content\/uploads\/2016\/09\/469-Gemeinsam-in-Aktion2.jpg\"><img fetchpriority=\"high\" decoding=\"async\" class=\"alignleft size-thumbnail wp-image-155257\" src=\"http:\/\/www.fuldaer-nachrichten.de\/wp-content\/uploads\/2016\/09\/469-Gemeinsam-in-Aktion2-265x199.jpg\" alt=\"469-gemeinsam-in-aktion2\" width=\"265\" height=\"199\" srcset=\"https:\/\/www.fuldaernachrichten.de\/wp-content\/uploads\/2016\/09\/469-Gemeinsam-in-Aktion2-265x199.jpg 265w, https:\/\/www.fuldaernachrichten.de\/wp-content\/uploads\/2016\/09\/469-Gemeinsam-in-Aktion2-768x576.jpg 768w, https:\/\/www.fuldaernachrichten.de\/wp-content\/uploads\/2016\/09\/469-Gemeinsam-in-Aktion2-600x450.jpg 600w, https:\/\/www.fuldaernachrichten.de\/wp-content\/uploads\/2016\/09\/469-Gemeinsam-in-Aktion2.jpg 900w\" sizes=\"(max-width: 265px) 100vw, 265px\" \/><\/a>\u201eGemeinsam in Aktion\u201c &#8211; so lautete das Motto am vergangenen Samstag in Hilders. Bei sch\u00f6nstem Sommerwetter konnte man dort musikalischen Nachwuchsk\u00fcnstlern aus der Region zuh\u00f6ren, bei verschiedenen Bastelangeboten kreativ werden und bei Mitmacht\u00e4nzen den K\u00f6rper in Bewegung bringen. Das Highlight der Aktion, die viele Menschen unterschiedlicher Herkunft miteinander in Kontakt gebracht hat, war wohl der MEGA-Kicker.<\/p>\n<p>Initiiert hatte die Aktion das Regionalteam Ost\/Rh\u00f6n des Fachdienstes Jugend, Familie, Sport, Ehrenamt unter der Leitung von Markus Dostal in Kooperation mit der Gemeinde Hilders. Dort gibt es seit etwa zwei Jahren eine Wohngruppe des Jugendhilfeverbundes St. Elisabeth (Caritas), in der unbegleitete minderj\u00e4hrige Ausl\u00e4nder betreut werden.<\/p>\n<p>\u201eDem direkten Umfeld ist es gut gelungen, die jungen Menschen in Hilders zu integrieren, aber nat\u00fcrlich gibt es in der Bev\u00f6lkerung noch etliche B\u00fcrger, die dar\u00fcber wenig informiert sind oder unsicher sind, wie sie mit den jungen M\u00e4nnern in Kontakt treten k\u00f6nnen\u201c, wei\u00df Markus Dostal. \u201eDas hat uns dazu veranlasst, einen Nachmittag der Begegnung zu veranstalten, um bei unterschiedlichen Aktivit\u00e4ten, miteinander in Kontakt zu kommen.\u201c<\/p>\n<p>Dies sei am Samstag auch sehr gut gelungen. \u201eAls eine Capoeira-Gruppe aus Fulda ihre K\u00fcnste vorgef\u00fchrt hat, waren die Jugendlichen und auch andere G\u00e4ste so begeistert, dass sie spontan mitgetanzt haben. Aber vor allem hat der Mega-Kicker f\u00fcr viel Spa\u00df gesorgt und Ber\u00fchrungs\u00e4ngste abgebaut. Sport verbindet eben\u201c, freut sich der Regionalleiter. Auch f\u00fcr das leibliche Wohl sei durch die Landfrauen aus Hilders und regionale Anbieter vor Ort bestens gesorgt gewesen.<\/p>\n<p>Der Landkreis f\u00f6rdert den Austausch und die Vernetzung von Institutionen, Vereinen, und gemeindlichen Gremien unter anderem auch mit den Fachdiensten des Landkreises. \u201eIm Rahmen der sozialr\u00e4umlichen Ausrichtung ist es uns wichtig, dass man voneinander wei\u00df, um sich gegenseitig helfen und unterst\u00fctzen zu k\u00f6nnen\u201c, erkl\u00e4rt Markus Dostal. Der Fachdienst Jugend, Familie, Sport, Ehrenamt (Jugendamt) treibe diese Vernetzung bereits seit mehreren Jahren voran. Die \u201eAktion in der Region\u201c habe sich in diesem Zusammenhang bew\u00e4hrt. Jedes der drei Regionalteams veranstaltet eine solche Aktion einmal im Jahr, um auf sich aufmerksam zu machen und gleichzeitig auf andere aufmerksam zu werden.<\/p>\n","protected":false},"excerpt":{"rendered":"<div class=\"tmnf_excerpt\"><p>\u201eGemeinsam in Aktion\u201c &#8211; so lautete das Motto am vergangenen Samstag in Hilders. Bei sch\u00f6nstem Sommerwetter konnte man dort musikalischen Nachwuchsk\u00fcnstlern aus der Region zuh\u00f6ren, bei verschiedenen Bastelangeboten kreativ werden und bei Mitmacht\u00e4nzen den K\u00f6rper in Bewegung bringen. Das Highlight der Aktion, die viele Menschen unterschiedlicher Herkunft miteinander in Kontakt gebracht hat, war wohl der &hellip;<\/p>\n<\/div>","protected":false},"author":1,"featured_media":155256,"comment_status":"closed","ping_status":"closed","sticky":false,"template":"","format":"standard","meta":{"footnotes":""},"categories":[1],"tags":[],"class_list":["post-155247","post","type-post","status-publish","format-standard","has-post-thumbnail","hentry","category-startseite"],"_links":{"self":[{"href":"https:\/\/www.fuldaernachrichten.de\/index.php?rest_route=\/wp\/v2\/posts\/155247","targetHints":{"allow":["GET"]}}],"collection":[{"href":"https:\/\/www.fuldaernachrichten.de\/index.php?rest_route=\/wp\/v2\/posts"}],"about":[{"href":"https:\/\/www.fuldaernachrichten.de\/index.php?rest_route=\/wp\/v2\/types\/post"}],"author":[{"embeddable":true,"href":"https:\/\/www.fuldaernachrichten.de\/index.php?rest_route=\/wp\/v2\/users\/1"}],"replies":[{"embeddable":true,"href":"https:\/\/www.fuldaernachrichten.de\/index.php?rest_route=%2Fwp%2Fv2%2Fcomments&post=155247"}],"version-history":[{"count":1,"href":"https:\/\/www.fuldaernachrichten.de\/index.php?rest_route=\/wp\/v2\/posts\/155247\/revisions"}],"predecessor-version":[{"id":155258,"href":"https:\/\/www.fuldaernachrichten.de\/index.php?rest_route=\/wp\/v2\/posts\/155247\/revisions\/155258"}],"wp:featuredmedia":[{"embeddable":true,"href":"https:\/\/www.fuldaernachrichten.de\/index.php?rest_route=\/wp\/v2\/media\/155256"}],"wp:attachment":[{"href":"https:\/\/www.fuldaernachrichten.de\/index.php?rest_route=%2Fwp%2Fv2%2Fmedia&parent=155247"}],"wp:term":[{"taxonomy":"category","embeddable":true,"href":"https:\/\/www.fuldaernachrichten.de\/index.php?rest_route=%2Fwp%2Fv2%2Fcategories&post=155247"},{"taxonomy":"post_tag","embeddable":true,"href":"https:\/\/www.fuldaernachrichten.de\/index.php?rest_route=%2Fwp%2Fv2%2Ftags&post=155247"}],"curies":[{"name":"wp","href":"https:\/\/api.w.org\/{rel}","templated":true}]}}