{"id":155246,"date":"2016-09-19T07:27:15","date_gmt":"2016-09-19T05:27:15","guid":{"rendered":"http:\/\/www.fuldaer-nachrichten.de\/?p=155246"},"modified":"2016-09-18T07:28:23","modified_gmt":"2016-09-18T05:28:23","slug":"zweiter-informationstag-demenz-%e2%80%a8","status":"publish","type":"post","link":"https:\/\/www.fuldaernachrichten.de\/?p=155246","title":{"rendered":"Zweiter Informationstag Demenz \u00e2\u20ac\u00a8"},"content":{"rendered":"<p>Zum zweiten Informationstag Demenz l\u00e4dt das Demenzforum Fulda am Samstag, 24. September, von 10 bis 14 Uhr, in die Aula der Dalbergschule ein. Angeboten werden drei Fachvortr\u00e4ge und Infost\u00e4nde. Zudem besteht die M\u00f6glichkeit des Austauschs zwischen Betroffenen, Angeh\u00f6rigen und Experten. Die Teilnahme ist kostenfrei. Eine Anmeldung ist nicht erforderlich.<\/p>\n<p>Er\u00f6ffnet wird der Informationstag um 10 Uhr von Oberb\u00fcrgermeister Dr. Heiko Wingenfeld, der auch die Schirmherrschaft \u00fcbernommen hat. Um 10.30 Uhr beginnt der erste Vortrag zum Thema \u201eDemenz \u2013 Medizinische Grundlagen und L\u00f6sungsvorschl\u00e4ge im Alltag\u201c. Es referieren Dr. med. Bernhard Kie\u00dfling sowie Annika Wittig vom Klinikum Fulda. Um 11.15 Uhr informiert Dr. Martin Klek vom Herz-Jesu-Krankenhaus Fulda \u00fcber Akuterkrankungen bei Demenz. \u00dcber die Leistungen der Pflegeversicherung f\u00fcr Demenzkranke berichtet Martin Kersting vom Pflegest\u00fctzpunkt Fulda. Sein Vortrag beginnt um 12.45 Uhr. Ab 13.15 Uhr besteht die M\u00f6glichkeit zum Austausch und zur Information an den St\u00e4nden. Insgesamt beteiligen sich 18 Einrichtungen und Institutionen am zweiten Informationstag Demenz, der wieder vom Demenzforum Fulda organisiert worden ist.<\/p>\n<p>Im Demenzforum, das im Jahr 2013 gegr\u00fcndet wurde, haben sich professionelle und ehrenamtliche Akteure, Dienste und Einrichtungen zusammengeschlossen, um die Bev\u00f6lkerung \u00fcber Demenzerkrankungen und ihre Folgen zu informieren sowie M\u00f6glichkeiten der Behandlung und Hilfe aufzuzeigen. Koordinatorin des Demenzforums ist Maritta J\u00e4ger, die auch bei Fragen zur Verf\u00fcgung steht, Telefon (0661)6006-6079, E-Mail maritta.jaeger@landkreis-fulda.de.<\/p>\n","protected":false},"excerpt":{"rendered":"<div class=\"tmnf_excerpt\"><p>Zum zweiten Informationstag Demenz l\u00e4dt das Demenzforum Fulda am Samstag, 24. September, von 10 bis 14 Uhr, in die Aula der Dalbergschule ein. Angeboten werden drei Fachvortr\u00e4ge und Infost\u00e4nde. Zudem besteht die M\u00f6glichkeit des Austauschs zwischen Betroffenen, Angeh\u00f6rigen und Experten. Die Teilnahme ist kostenfrei. Eine Anmeldung ist nicht erforderlich. Er\u00f6ffnet wird der Informationstag um 10 &hellip;<\/p>\n<\/div>","protected":false},"author":1,"featured_media":0,"comment_status":"closed","ping_status":"closed","sticky":false,"template":"","format":"standard","meta":{"footnotes":""},"categories":[1],"tags":[],"class_list":["post-155246","post","type-post","status-publish","format-standard","hentry","category-startseite"],"_links":{"self":[{"href":"https:\/\/www.fuldaernachrichten.de\/index.php?rest_route=\/wp\/v2\/posts\/155246","targetHints":{"allow":["GET"]}}],"collection":[{"href":"https:\/\/www.fuldaernachrichten.de\/index.php?rest_route=\/wp\/v2\/posts"}],"about":[{"href":"https:\/\/www.fuldaernachrichten.de\/index.php?rest_route=\/wp\/v2\/types\/post"}],"author":[{"embeddable":true,"href":"https:\/\/www.fuldaernachrichten.de\/index.php?rest_route=\/wp\/v2\/users\/1"}],"replies":[{"embeddable":true,"href":"https:\/\/www.fuldaernachrichten.de\/index.php?rest_route=%2Fwp%2Fv2%2Fcomments&post=155246"}],"version-history":[{"count":1,"href":"https:\/\/www.fuldaernachrichten.de\/index.php?rest_route=\/wp\/v2\/posts\/155246\/revisions"}],"predecessor-version":[{"id":155252,"href":"https:\/\/www.fuldaernachrichten.de\/index.php?rest_route=\/wp\/v2\/posts\/155246\/revisions\/155252"}],"wp:attachment":[{"href":"https:\/\/www.fuldaernachrichten.de\/index.php?rest_route=%2Fwp%2Fv2%2Fmedia&parent=155246"}],"wp:term":[{"taxonomy":"category","embeddable":true,"href":"https:\/\/www.fuldaernachrichten.de\/index.php?rest_route=%2Fwp%2Fv2%2Fcategories&post=155246"},{"taxonomy":"post_tag","embeddable":true,"href":"https:\/\/www.fuldaernachrichten.de\/index.php?rest_route=%2Fwp%2Fv2%2Ftags&post=155246"}],"curies":[{"name":"wp","href":"https:\/\/api.w.org\/{rel}","templated":true}]}}