{"id":155244,"date":"2016-09-19T07:27:12","date_gmt":"2016-09-19T05:27:12","guid":{"rendered":"http:\/\/www.fuldaer-nachrichten.de\/?p=155244"},"modified":"2016-09-18T07:30:44","modified_gmt":"2016-09-18T05:30:44","slug":"vorsorgevollmacht-und-patientenverfuegung-infoveranstaltung-im-hospiz-zentrum-2","status":"publish","type":"post","link":"https:\/\/www.fuldaernachrichten.de\/?p=155244","title":{"rendered":"Vorsorgevollmacht und Patientenverf\u00fcgung &#8211; Infoveranstaltung im Hospiz-Zentrum"},"content":{"rendered":"<p>Bevor man altersbedingt, durch einen Unfall oder eine akute Erkrankung nicht mehr allein f\u00fcr sich entscheiden kann, sollte man Vorsorge treffen. Es gibt verschiedene M\u00f6glichkeiten, selbst festzulegen, wer in einer Notlage f\u00fcr den Betroffenen entscheiden und handeln darf.<br \/>\n\u00dcber das Thema Vorsorgevollmacht und Patientenverf\u00fcgung spricht am Mittwoch, 21. September 2016, die Gesch\u00e4ftsf\u00fchrerin des Betreuungsvereins des VdK Fulda, Ingrid Michel. Der Vortrag beginnt um 18.00 Uhr im Hospizzentrum der Malteser am Gerloser Weg 20 (1. Etage im Zentrum Vital). Der Eintritt ist frei. Information und Anmeldung im Malteser Hospiz-Zentrum unter 0661\/ 480272-0 oder hospizzentrum.fulda@malteser.org<\/p>\n","protected":false},"excerpt":{"rendered":"<div class=\"tmnf_excerpt\"><p>Bevor man altersbedingt, durch einen Unfall oder eine akute Erkrankung nicht mehr allein f\u00fcr sich entscheiden kann, sollte man Vorsorge treffen. Es gibt verschiedene M\u00f6glichkeiten, selbst festzulegen, wer in einer Notlage f\u00fcr den Betroffenen entscheiden und handeln darf. \u00dcber das Thema Vorsorgevollmacht und Patientenverf\u00fcgung spricht am Mittwoch, 21. September 2016, die Gesch\u00e4ftsf\u00fchrerin des Betreuungsvereins des &hellip;<\/p>\n<\/div>","protected":false},"author":1,"featured_media":0,"comment_status":"closed","ping_status":"closed","sticky":false,"template":"","format":"standard","meta":{"footnotes":""},"categories":[1],"tags":[],"class_list":["post-155244","post","type-post","status-publish","format-standard","hentry","category-startseite"],"_links":{"self":[{"href":"https:\/\/www.fuldaernachrichten.de\/index.php?rest_route=\/wp\/v2\/posts\/155244","targetHints":{"allow":["GET"]}}],"collection":[{"href":"https:\/\/www.fuldaernachrichten.de\/index.php?rest_route=\/wp\/v2\/posts"}],"about":[{"href":"https:\/\/www.fuldaernachrichten.de\/index.php?rest_route=\/wp\/v2\/types\/post"}],"author":[{"embeddable":true,"href":"https:\/\/www.fuldaernachrichten.de\/index.php?rest_route=\/wp\/v2\/users\/1"}],"replies":[{"embeddable":true,"href":"https:\/\/www.fuldaernachrichten.de\/index.php?rest_route=%2Fwp%2Fv2%2Fcomments&post=155244"}],"version-history":[{"count":1,"href":"https:\/\/www.fuldaernachrichten.de\/index.php?rest_route=\/wp\/v2\/posts\/155244\/revisions"}],"predecessor-version":[{"id":155261,"href":"https:\/\/www.fuldaernachrichten.de\/index.php?rest_route=\/wp\/v2\/posts\/155244\/revisions\/155261"}],"wp:attachment":[{"href":"https:\/\/www.fuldaernachrichten.de\/index.php?rest_route=%2Fwp%2Fv2%2Fmedia&parent=155244"}],"wp:term":[{"taxonomy":"category","embeddable":true,"href":"https:\/\/www.fuldaernachrichten.de\/index.php?rest_route=%2Fwp%2Fv2%2Fcategories&post=155244"},{"taxonomy":"post_tag","embeddable":true,"href":"https:\/\/www.fuldaernachrichten.de\/index.php?rest_route=%2Fwp%2Fv2%2Ftags&post=155244"}],"curies":[{"name":"wp","href":"https:\/\/api.w.org\/{rel}","templated":true}]}}