{"id":155235,"date":"2016-09-18T07:25:44","date_gmt":"2016-09-18T05:25:44","guid":{"rendered":"http:\/\/www.fuldaer-nachrichten.de\/?p=155235"},"modified":"2016-09-18T07:25:44","modified_gmt":"2016-09-18T05:25:44","slug":"dr-wolf-bertram-von-bismarck-in-den-vorstand-der-job-ag-berufen","status":"publish","type":"post","link":"https:\/\/www.fuldaernachrichten.de\/?p=155235","title":{"rendered":"Dr. Wolf-Bertram von Bismarck in den Vorstand der JOB AG berufen"},"content":{"rendered":"<p>Dr. von Bismarck ist Experte fu\u00cc\u02c6r HR-Strategie, Fu\u00cc\u02c6hrung, Talentmanagement und Mitarbeiterengagement. Vor seinem Eintritt in die JOB AG war er unter anderem als Personalvorstand (CHRO) fu\u00cc\u02c6r die Imtech Deutschland GmbH &amp; Co. KG t\u00e4tig, sowie als Personaldirektor der Fielmann AG und der Puma AG. Dr. Wolf-Bertram von Bismarck studierte Arbeits- und Organisationspsychologie in Mannheim und Heidelberg, in England und den USA. Er arbeitete als Forschungsassistent an der Universit\u00e4t Mannheim, wo er auch promovierte. Seine Publikationen sind in zahlreichen Fachzeitschriften und Bu\u00cc\u02c6chern erschienen.<br \/>\nDr. Erich Muth, Aufsichtsratsvorsitzender der JOB AG, erkl\u00e4rt: \u201eDie Erweiterung des Vorstands der JOB AG um das neu geschaffene Ressort Personal ist die folgerichtige Antwort des Unternehmens auf die neuen Herausforderungen und Rahmenbedingungen, die das Gesch\u00e4ft heute und morgen pr\u00e4gen. Es unterstreicht nicht nur die herausragende Bedeutung des Personalmanagements fu\u00cc\u02c6r ein Dienstleistungsunternehmen. Es leistet insbesondere einen Beitrag, die bestehenden und zuku\u00cc\u02c6nftigen Erfolgspotentiale in der Personaldienstleistung zu nutzen und somit den Unternehmenserfolg langfristig zu gew\u00e4hrleisten. Der Aufsichtsrat wu\u00cc\u02c6nscht Herrn Dr. von Bismarck fu\u00cc\u02c6r seine T\u00e4tigkeit bei der JOB AG viel Erfolg.\u201c<\/p>\n<p>\u201eMit Herrn Dr. von Bismarck gewinnen wir einen kompetenten Personalfachmann mit langj\u00e4hriger Erfahrung in der Entwicklung von HR-Strategien, des Talentmanagements und der Organisationsentwicklung\u201c, fu\u00cc\u02c6gt Wigbert Biedenbach hinzu, Mitgru\u00cc\u02c6nder und Vorstandsvorsitzender der JOB AG Personaldienstleistungen AG. Mit der neu geschaffenen Position besteht der Vorstand des Personaldienstleisters nun aus drei Personen. Komplettiert wird das Fu\u00cc\u02c6hrungsteam durch Stefan Polak-Elezaj, ebenfalls Mitgru\u00cc\u02c6nder der JOB AG und im Vorstand verantwortlich fu\u00cc\u02c6r den Bereich Finanzen.<\/p>\n","protected":false},"excerpt":{"rendered":"<div class=\"tmnf_excerpt\"><p>Dr. von Bismarck ist Experte fu\u00cc\u02c6r HR-Strategie, Fu\u00cc\u02c6hrung, Talentmanagement und Mitarbeiterengagement. Vor seinem Eintritt in die JOB AG war er unter anderem als Personalvorstand (CHRO) fu\u00cc\u02c6r die Imtech Deutschland GmbH &amp; Co. KG t\u00e4tig, sowie als Personaldirektor der Fielmann AG und der Puma AG. Dr. Wolf-Bertram von Bismarck studierte Arbeits- und Organisationspsychologie in Mannheim und &hellip;<\/p>\n<\/div>","protected":false},"author":1,"featured_media":155241,"comment_status":"closed","ping_status":"closed","sticky":false,"template":"","format":"standard","meta":{"footnotes":""},"categories":[1],"tags":[],"class_list":["post-155235","post","type-post","status-publish","format-standard","has-post-thumbnail","hentry","category-startseite"],"_links":{"self":[{"href":"https:\/\/www.fuldaernachrichten.de\/index.php?rest_route=\/wp\/v2\/posts\/155235","targetHints":{"allow":["GET"]}}],"collection":[{"href":"https:\/\/www.fuldaernachrichten.de\/index.php?rest_route=\/wp\/v2\/posts"}],"about":[{"href":"https:\/\/www.fuldaernachrichten.de\/index.php?rest_route=\/wp\/v2\/types\/post"}],"author":[{"embeddable":true,"href":"https:\/\/www.fuldaernachrichten.de\/index.php?rest_route=\/wp\/v2\/users\/1"}],"replies":[{"embeddable":true,"href":"https:\/\/www.fuldaernachrichten.de\/index.php?rest_route=%2Fwp%2Fv2%2Fcomments&post=155235"}],"version-history":[{"count":1,"href":"https:\/\/www.fuldaernachrichten.de\/index.php?rest_route=\/wp\/v2\/posts\/155235\/revisions"}],"predecessor-version":[{"id":155242,"href":"https:\/\/www.fuldaernachrichten.de\/index.php?rest_route=\/wp\/v2\/posts\/155235\/revisions\/155242"}],"wp:featuredmedia":[{"embeddable":true,"href":"https:\/\/www.fuldaernachrichten.de\/index.php?rest_route=\/wp\/v2\/media\/155241"}],"wp:attachment":[{"href":"https:\/\/www.fuldaernachrichten.de\/index.php?rest_route=%2Fwp%2Fv2%2Fmedia&parent=155235"}],"wp:term":[{"taxonomy":"category","embeddable":true,"href":"https:\/\/www.fuldaernachrichten.de\/index.php?rest_route=%2Fwp%2Fv2%2Fcategories&post=155235"},{"taxonomy":"post_tag","embeddable":true,"href":"https:\/\/www.fuldaernachrichten.de\/index.php?rest_route=%2Fwp%2Fv2%2Ftags&post=155235"}],"curies":[{"name":"wp","href":"https:\/\/api.w.org\/{rel}","templated":true}]}}