{"id":155224,"date":"2016-09-18T07:23:18","date_gmt":"2016-09-18T05:23:18","guid":{"rendered":"http:\/\/www.fuldaer-nachrichten.de\/?p=155224"},"modified":"2016-09-18T07:23:18","modified_gmt":"2016-09-18T05:23:18","slug":"ig-sachsenhausen-uebt-weiterhin-massiv-kritik-an-baustellenplanung","status":"publish","type":"post","link":"https:\/\/www.fuldaernachrichten.de\/?p=155224","title":{"rendered":"IG Sachsenhausen \u00fcbt weiterhin massiv Kritik an Baustellenplanung"},"content":{"rendered":"<p>Von der am 1.9.2016 in der Gemeindevertretung Eichenzell getroffenen Entscheidung zur Einstufung der Stra\u00dfe im Zuge des F\u00f6rderprogramms, ist die IG Sachsenhausen nicht \u00fcberrascht. Weiterhin wird die Gestaltung der Stra\u00dfe gegen den Willen der Anlieger durchgef\u00fchrt. Bei dem Erhalt der Arbeitspl\u00e4tze f\u00fcr Sommerlad ist man sich in der Gemeindevertretung einig, Existenzen in Sachsenhausen interessieren anscheinend nur am Rande.<\/p>\n<p>In der Sitzung wurde zwar nur eine Entscheidung zur Einstufung f\u00fcr das F\u00f6rderprogramm getroffen, aber die fast einst\u00fcndige Debatte in der Gemeindevertretung hat gezeigt, wieviele Ungereimtheiten\u00c2\u00a0 es\u00c2\u00a0 rund um die Sanierung der Stra\u00dfe Sachsenhausen gibt.<br \/>\nBesonders bedankt sich die IG Sachsenhausen bei dem Gemeindevertreter Dirk Fischer, der als einer der Wenigen passende, ehrliche und offene Worte f\u00fcr das Vorgehen bei der Sanierung der Stra\u00dfe Sachsenhausen fand. Kurzfristig mag sich B\u00fcrgermeister Kolb zwar mit der Einstufung und insbesondere der Planung der Stra\u00dfe durchsetzen. Langfristig wird das Verhalten zum Eigentor f\u00fcr alle, die den Kurs gegen die berechtigten Anforderungen der Anlieger decken. Neben der Einstufung der Stra\u00dfe geht es der IG insbesondere um die Planung, die f\u00fcr viele Anlieger eine massive Einschr\u00e4nkung des bisherigen \u201eAnliegergebrauchs\u201c darstellt. \u201eEin sch\u00f6nes Beispiel, wie man als B\u00fcrger der Politik ausgeliefert ist. Wir fordern unbedingt und sofort eine Neuplanung der Stra\u00dfe, die dem heutigen Anliegergebrauch gerecht wird und die die Anlieger mit einbezieht. Von der IG hinzugezogene Experten sch\u00fctteln nur noch mit dem Kopf.\u201c, sagt Friedrich Sch\u00f6nherr, Sprecher der IG Sachsenhausen.<\/p>\n<p>Besonders zeigt sich die geringe R\u00fccksichtnahme auch bei der Baustellenplanung. F\u00fcr Sommerlad und die 130 Arbeitspl\u00e4tze macht sich die Gemeindevertretung sogar f\u00fcr Ausnahmeregelungen stark, die Arbeitspl\u00e4tze der in Sachsenhausen ans\u00e4ssigen Firmen sind anscheinend nicht so wichtig. Die IG hat mehrfach z.B. auf die Probleme mit Planung und Ausf\u00fchrung der Stra\u00dfe sowie die Einschr\u00e4nkungen in der Baustellenzeit hingewiesen, leider ohne Geh\u00f6r zu finden.<br \/>\nIn den n\u00e4chsten Wochen soll nun der Stra\u00dfenausbau im Wiesenweg und dann von der Ortsmitte aus beginnen, gleichzeitig wandert die Kanalbaustelle von der Kreuzung Sportplatz Richtung B27. Damit werden die Anlieger nun von 2 Seiten mit 2 Schwerpunktbaustellen maximal in die Zange genommen. Im Falle von Beschr\u00e4nkungen und Beeintr\u00e4chtigungen der Firmen und Anlieger durch Stra\u00dfenbauma\u00dfnahmen m\u00fcssen Beh\u00f6rden den Grundsatz der Verh\u00e4ltnism\u00e4\u00dfigkeit beachten. Daher sind sie unter anderem gehalten, die Stra\u00dfenbauma\u00dfnahmen so zu planen und zu gestalten, dass sie die Anlieger nicht unn\u00f6tig beeintr\u00e4chtigen. Seitens eines projektbeteiligten Planers wundert man sich, warum nicht erst die Kanalarbeiten beendet werden und die Stra\u00dfe danach gebaut wird. F\u00fcr die Anlieger w\u00e4re dies eine deutliche Erleichterung.<\/p>\n<p>Aus Sicht der IG ein weiteres Beispiel, wie die Interessen der Anlieger \u00fcbergangen werden. Ab sofort tragen die M\u00fclltonnen in Sachsenhausen den Prostest der Anlieger nach au\u00dfen.<\/p>\n","protected":false},"excerpt":{"rendered":"<div class=\"tmnf_excerpt\"><p>Von der am 1.9.2016 in der Gemeindevertretung Eichenzell getroffenen Entscheidung zur Einstufung der Stra\u00dfe im Zuge des F\u00f6rderprogramms, ist die IG Sachsenhausen nicht \u00fcberrascht. Weiterhin wird die Gestaltung der Stra\u00dfe gegen den Willen der Anlieger durchgef\u00fchrt. Bei dem Erhalt der Arbeitspl\u00e4tze f\u00fcr Sommerlad ist man sich in der Gemeindevertretung einig, Existenzen in Sachsenhausen interessieren anscheinend &hellip;<\/p>\n<\/div>","protected":false},"author":1,"featured_media":155232,"comment_status":"closed","ping_status":"closed","sticky":false,"template":"","format":"standard","meta":{"footnotes":""},"categories":[1],"tags":[],"class_list":["post-155224","post","type-post","status-publish","format-standard","has-post-thumbnail","hentry","category-startseite"],"_links":{"self":[{"href":"https:\/\/www.fuldaernachrichten.de\/index.php?rest_route=\/wp\/v2\/posts\/155224","targetHints":{"allow":["GET"]}}],"collection":[{"href":"https:\/\/www.fuldaernachrichten.de\/index.php?rest_route=\/wp\/v2\/posts"}],"about":[{"href":"https:\/\/www.fuldaernachrichten.de\/index.php?rest_route=\/wp\/v2\/types\/post"}],"author":[{"embeddable":true,"href":"https:\/\/www.fuldaernachrichten.de\/index.php?rest_route=\/wp\/v2\/users\/1"}],"replies":[{"embeddable":true,"href":"https:\/\/www.fuldaernachrichten.de\/index.php?rest_route=%2Fwp%2Fv2%2Fcomments&post=155224"}],"version-history":[{"count":1,"href":"https:\/\/www.fuldaernachrichten.de\/index.php?rest_route=\/wp\/v2\/posts\/155224\/revisions"}],"predecessor-version":[{"id":155233,"href":"https:\/\/www.fuldaernachrichten.de\/index.php?rest_route=\/wp\/v2\/posts\/155224\/revisions\/155233"}],"wp:featuredmedia":[{"embeddable":true,"href":"https:\/\/www.fuldaernachrichten.de\/index.php?rest_route=\/wp\/v2\/media\/155232"}],"wp:attachment":[{"href":"https:\/\/www.fuldaernachrichten.de\/index.php?rest_route=%2Fwp%2Fv2%2Fmedia&parent=155224"}],"wp:term":[{"taxonomy":"category","embeddable":true,"href":"https:\/\/www.fuldaernachrichten.de\/index.php?rest_route=%2Fwp%2Fv2%2Fcategories&post=155224"},{"taxonomy":"post_tag","embeddable":true,"href":"https:\/\/www.fuldaernachrichten.de\/index.php?rest_route=%2Fwp%2Fv2%2Ftags&post=155224"}],"curies":[{"name":"wp","href":"https:\/\/api.w.org\/{rel}","templated":true}]}}