{"id":155221,"date":"2016-09-18T07:21:57","date_gmt":"2016-09-18T05:21:57","guid":{"rendered":"http:\/\/www.fuldaer-nachrichten.de\/?p=155221"},"modified":"2016-09-18T07:21:57","modified_gmt":"2016-09-18T05:21:57","slug":"ausstellungseroeffnung-der-funde-aus-der-ausgrabung-im-interkommunalen-gewerbegebiet-limes","status":"publish","type":"post","link":"https:\/\/www.fuldaernachrichten.de\/?p=155221","title":{"rendered":"Ausstellungser\u00f6ffnung der Funde aus der Ausgrabung im Interkommunalen Gewerbegebiet \u201eLimes\u201c"},"content":{"rendered":"<p>Am 20. September um 15 Uhr wird im B\u00fcdinger Heuson-Museum eine neue Ausstellung er\u00f6ffnet. Gezeigt werden die Funde aus der Ausgrabung im Interkommunalen Gewerbegebiet \u201eLimes&#8221; der Gemeinden Hammersbach, Limeshain und B\u00fcdingen.<\/p>\n<p>Von Anfang April bis Mitte Oktober 2014 wurden im zum Wetteraukreis und zum Main-Kinzig-Kreis geh\u00f6renden \u201eGewerbegebiet Limes\u201c durch das Landesamt\u00c2\u00a0 f\u00fcr Denkmalpflege Hessen unter der Leitung von Anja Eckes Grabungen vorgenommen.<\/p>\n<p>Neben zahlreichen Pfostenl\u00f6chern und Gruben, deren \u00e4lteste in die Bandkeramik (ca. 5700-4100 v. Chr.) datiert wird,\u00c2\u00a0 fanden die Ausgr\u00e4ber eine mit Beigaben versehene Bestattung aus der Glockenbecherkultur (ca. 2600-2200 v. Chr.). Die typische Bestattungsform dieser Kultur war die Einzelbestattung in einem Hockergrab. Die im Gewerbegebiet aufgefundene Grablege ist allerdings eine Brandbestattung. Die Funde werden bis zum 19. Februar 2017 zu sehen sein.<\/p>\n","protected":false},"excerpt":{"rendered":"<div class=\"tmnf_excerpt\"><p>Am 20. September um 15 Uhr wird im B\u00fcdinger Heuson-Museum eine neue Ausstellung er\u00f6ffnet. Gezeigt werden die Funde aus der Ausgrabung im Interkommunalen Gewerbegebiet \u201eLimes&#8221; der Gemeinden Hammersbach, Limeshain und B\u00fcdingen. Von Anfang April bis Mitte Oktober 2014 wurden im zum Wetteraukreis und zum Main-Kinzig-Kreis geh\u00f6renden \u201eGewerbegebiet Limes\u201c durch das Landesamt\u00c2\u00a0 f\u00fcr Denkmalpflege Hessen unter &hellip;<\/p>\n<\/div>","protected":false},"author":1,"featured_media":0,"comment_status":"closed","ping_status":"closed","sticky":false,"template":"","format":"standard","meta":{"footnotes":""},"categories":[1],"tags":[],"class_list":["post-155221","post","type-post","status-publish","format-standard","hentry","category-startseite"],"_links":{"self":[{"href":"https:\/\/www.fuldaernachrichten.de\/index.php?rest_route=\/wp\/v2\/posts\/155221","targetHints":{"allow":["GET"]}}],"collection":[{"href":"https:\/\/www.fuldaernachrichten.de\/index.php?rest_route=\/wp\/v2\/posts"}],"about":[{"href":"https:\/\/www.fuldaernachrichten.de\/index.php?rest_route=\/wp\/v2\/types\/post"}],"author":[{"embeddable":true,"href":"https:\/\/www.fuldaernachrichten.de\/index.php?rest_route=\/wp\/v2\/users\/1"}],"replies":[{"embeddable":true,"href":"https:\/\/www.fuldaernachrichten.de\/index.php?rest_route=%2Fwp%2Fv2%2Fcomments&post=155221"}],"version-history":[{"count":1,"href":"https:\/\/www.fuldaernachrichten.de\/index.php?rest_route=\/wp\/v2\/posts\/155221\/revisions"}],"predecessor-version":[{"id":155227,"href":"https:\/\/www.fuldaernachrichten.de\/index.php?rest_route=\/wp\/v2\/posts\/155221\/revisions\/155227"}],"wp:attachment":[{"href":"https:\/\/www.fuldaernachrichten.de\/index.php?rest_route=%2Fwp%2Fv2%2Fmedia&parent=155221"}],"wp:term":[{"taxonomy":"category","embeddable":true,"href":"https:\/\/www.fuldaernachrichten.de\/index.php?rest_route=%2Fwp%2Fv2%2Fcategories&post=155221"},{"taxonomy":"post_tag","embeddable":true,"href":"https:\/\/www.fuldaernachrichten.de\/index.php?rest_route=%2Fwp%2Fv2%2Ftags&post=155221"}],"curies":[{"name":"wp","href":"https:\/\/api.w.org\/{rel}","templated":true}]}}