{"id":155212,"date":"2016-09-18T07:20:38","date_gmt":"2016-09-18T05:20:38","guid":{"rendered":"http:\/\/www.fuldaer-nachrichten.de\/?p=155212"},"modified":"2016-09-18T07:20:38","modified_gmt":"2016-09-18T05:20:38","slug":"vortrag-im-rahmen-der-fairen-woche-wie-mache-ich-umweltbewussten-urlaub","status":"publish","type":"post","link":"https:\/\/www.fuldaernachrichten.de\/?p=155212","title":{"rendered":"Vortrag im Rahmen der \u201eFairen Woche\u201c &#8211; Wie mache ich umweltbewussten Urlaub?"},"content":{"rendered":"<p>Die Arbeitsgruppe \u201eFaires Fulda\u201c der Lokalen Agenda 21 in Fulda l\u00e4dt am Montag, 19. September, um 19 Uhr zu dem Vortrag \u201eFair Reisen \u2013 wie mache ich umweltbewussten Urlaub?\u201c in den Marmorsaal des Stadtschlosses ein. Referent ist Frank Herrmann, Diplom-Betriebswirt und Journalist sowie Herausgeber und Autor mehrerer Sach- und Reiseb\u00fccher. Er hat viele Jahre in Lateinamerika gelebt und war Berater von Kleinbauern-Kooperativen und Nichtregierungsorganisationen. Derzeit ist er im Rahmen seiner \u201e3. Fairen Biketour\u201c unterwegs in Deutschland und macht am 19. September Station in Fulda. Der Eintritt zu dieser Veranstaltung im Rahmen der \u201eFairen Woche\u201c ist frei.<\/p>\n<p>Die Agenda-Arbeitsgruppe \u201eFaires Fulda\u201c\u00c2\u00a0 ist ein Zusammenschluss von verschiedenen Organisationen und Einrichtungen, um sich f\u00fcr die F\u00f6rderung des Fairen Handels in der Region einzusetzen. Heute geh\u00f6ren ihr Vertreterinnen und Vertreter von Schulen, dem Weltladen, der KAB, Kolping, der Verbraucherzentrale Hessen e.V., der KfD, Unicef, der IGFM AG Fulda, tegut \u00e2\u20ac\u00a6 gute Lebensmittel, Blumen-Link, das Umweltzentrum sowie das Agenda-B\u00fcro der Stadt Fulda an. Ziel ist sowohl eine Ver\u00e4nderung des Bewusstseins der Bev\u00f6lkerung als auch des Handels in der Region, um einen Beitrag zu mehr Gerechtigkeit innerhalb der globalen Handelsstrukturen zu leisten und eine nachhaltige Entwicklung zu f\u00f6rdern. Dazu geh\u00f6rt auch, lokal fair zu handeln und sowohl regionale als auch \u00f6kologisch produzierte Erzeugnisse zu f\u00f6rdern &#8211; globale, regionale und lokale Fairness werden als untrennbare Einheit gesehen. Durch Vortr\u00e4ge, Ausstellungen, Aktionstage und viele weitere Veranstaltungen soll die \u00d6ffentlichkeit f\u00fcr das Thema Welthandel sensibilisiert und gleichzeitig H\u00e4ndler motiviert werden, ihr Produktangebot zugunsten des Fairen Handels zu erweitern.<\/p>\n","protected":false},"excerpt":{"rendered":"<div class=\"tmnf_excerpt\"><p>Die Arbeitsgruppe \u201eFaires Fulda\u201c der Lokalen Agenda 21 in Fulda l\u00e4dt am Montag, 19. September, um 19 Uhr zu dem Vortrag \u201eFair Reisen \u2013 wie mache ich umweltbewussten Urlaub?\u201c in den Marmorsaal des Stadtschlosses ein. Referent ist Frank Herrmann, Diplom-Betriebswirt und Journalist sowie Herausgeber und Autor mehrerer Sach- und Reiseb\u00fccher. Er hat viele Jahre in &hellip;<\/p>\n<\/div>","protected":false},"author":1,"featured_media":155217,"comment_status":"closed","ping_status":"closed","sticky":false,"template":"","format":"standard","meta":{"footnotes":""},"categories":[1],"tags":[],"class_list":["post-155212","post","type-post","status-publish","format-standard","has-post-thumbnail","hentry","category-startseite"],"_links":{"self":[{"href":"https:\/\/www.fuldaernachrichten.de\/index.php?rest_route=\/wp\/v2\/posts\/155212","targetHints":{"allow":["GET"]}}],"collection":[{"href":"https:\/\/www.fuldaernachrichten.de\/index.php?rest_route=\/wp\/v2\/posts"}],"about":[{"href":"https:\/\/www.fuldaernachrichten.de\/index.php?rest_route=\/wp\/v2\/types\/post"}],"author":[{"embeddable":true,"href":"https:\/\/www.fuldaernachrichten.de\/index.php?rest_route=\/wp\/v2\/users\/1"}],"replies":[{"embeddable":true,"href":"https:\/\/www.fuldaernachrichten.de\/index.php?rest_route=%2Fwp%2Fv2%2Fcomments&post=155212"}],"version-history":[{"count":1,"href":"https:\/\/www.fuldaernachrichten.de\/index.php?rest_route=\/wp\/v2\/posts\/155212\/revisions"}],"predecessor-version":[{"id":155218,"href":"https:\/\/www.fuldaernachrichten.de\/index.php?rest_route=\/wp\/v2\/posts\/155212\/revisions\/155218"}],"wp:featuredmedia":[{"embeddable":true,"href":"https:\/\/www.fuldaernachrichten.de\/index.php?rest_route=\/wp\/v2\/media\/155217"}],"wp:attachment":[{"href":"https:\/\/www.fuldaernachrichten.de\/index.php?rest_route=%2Fwp%2Fv2%2Fmedia&parent=155212"}],"wp:term":[{"taxonomy":"category","embeddable":true,"href":"https:\/\/www.fuldaernachrichten.de\/index.php?rest_route=%2Fwp%2Fv2%2Fcategories&post=155212"},{"taxonomy":"post_tag","embeddable":true,"href":"https:\/\/www.fuldaernachrichten.de\/index.php?rest_route=%2Fwp%2Fv2%2Ftags&post=155212"}],"curies":[{"name":"wp","href":"https:\/\/api.w.org\/{rel}","templated":true}]}}