{"id":155211,"date":"2016-09-18T07:21:46","date_gmt":"2016-09-18T05:21:46","guid":{"rendered":"http:\/\/www.fuldaer-nachrichten.de\/?p=155211"},"modified":"2016-09-18T07:21:46","modified_gmt":"2016-09-18T05:21:46","slug":"werksarztzentrum-fulda-seit-40-jahren-in-fulda-etabliert","status":"publish","type":"post","link":"https:\/\/www.fuldaernachrichten.de\/?p=155211","title":{"rendered":"Werksarztzentrum Fulda seit 40 Jahren in Fulda etabliert"},"content":{"rendered":"<p>Vier Jahrzehnte ist es jetzt her, dass im gro\u00dfen Sitzungssaal der Industrie- und Handelskammer Fulda der Verein Werksarztzentrum Fulda e.V. ins Leben gerufen wurde. Die Vereinsgr\u00fcndung ging auf eine Initiative des Arbeitgeberverbandes Osthessen zur\u00fcck. Auch 40 Jahre sp\u00e4ter steht die arbeitsmedizinische Betreuung der Vereinsmitglieder im Blickpunkt.<\/p>\n<p>Der Aufgabenkatalog umfasst damals wie heute die im Arbeitssicherheitsgesetz (ASiG) und in den berufsgenossenschaftlichen Bestimmungen vorgesehenen Untersuchungen und Beratungen. Die Zahlen, Daten und Fakten sprechen f\u00fcr sich: J\u00e4hrlich werden etwa 2 400 Untersuchungen durchgef\u00fchrt, 105 Mitglieder geh\u00f6ren dem Verein an. Insgesamt besch\u00e4ftigen diese Mitgliedsunternehmen rund 12 000 Mitarbeiter. Ein neunk\u00f6pfiges Team betreut die Mitglieder und deren Mitarbeiter.\u00e2\u20ac\u00a8Gerade im Hinblick auf die vielf\u00e4ltigen Anforderungen im modernen Gesundheitsmanagement der Unternehmen ist das Werksarztzentrum in der Region fest verankert. Wenngleich vielf\u00e4ltige medizinische T\u00e4tigkeiten wie im Bereich L\u00e4rm-Messkabine, Ergometrie, Sehverm\u00f6gen, Atmungst\u00e4tigkeit oder Laboruntersuchungen direkt im Zentrum in der Edelzeller Stra\u00dfe 62 umgesetzt werden, sind die \u00c4rzte oftmals auch in den Betrieben t\u00e4tig. W\u00e4hrend die Untersuchungen der Vermeidung von Belastungsrisiken in den produzierenden Betrieben und ebenso in den Verwaltungen dienen, stehen Betriebsbegehungen und Beratungen in den Unternehmen im Fokus. Erkennen und Beseitigen von M\u00e4ngeln in Arbeitsschutz und Unfallverh\u00fctung oder auch Kontrolle und Beratung bei der Nutzung von K\u00f6rperschutzmitteln sind nur einige der regelm\u00e4\u00dfigen T\u00e4tigkeiten.\u00e2\u20ac\u00a8Die Nachfrage w\u00e4chst und so verwundert es nicht, dass das Team des Werksarztzentrums auf der Suche nach weiteren Kollegen ist. \u201eUnsere drei \u00c4rzte sind engagiert im Einsatz, dennoch k\u00f6nnten wir aufgrund der Anfragen zahlreiche weitere Unternehmen als Mitglieder aufnehmen, doch die Arbeit muss auch verl\u00e4sslich bew\u00e4ltigt werden k\u00f6nnen\u201c, verdeutlicht Vorstandsvorsitzender Hans Pfleger.<\/p>\n<p>BU: Das Team des Werksarztzentrum Fulda betreut insgesamt 105 Mitgliedsunternehmen mit rund 12 000 Mitarbeitern.<\/p>\n","protected":false},"excerpt":{"rendered":"<div class=\"tmnf_excerpt\"><p>Vier Jahrzehnte ist es jetzt her, dass im gro\u00dfen Sitzungssaal der Industrie- und Handelskammer Fulda der Verein Werksarztzentrum Fulda e.V. ins Leben gerufen wurde. Die Vereinsgr\u00fcndung ging auf eine Initiative des Arbeitgeberverbandes Osthessen zur\u00fcck. Auch 40 Jahre sp\u00e4ter steht die arbeitsmedizinische Betreuung der Vereinsmitglieder im Blickpunkt. Der Aufgabenkatalog umfasst damals wie heute die im Arbeitssicherheitsgesetz &hellip;<\/p>\n<\/div>","protected":false},"author":1,"featured_media":155222,"comment_status":"closed","ping_status":"closed","sticky":false,"template":"","format":"standard","meta":{"footnotes":""},"categories":[1],"tags":[],"class_list":["post-155211","post","type-post","status-publish","format-standard","has-post-thumbnail","hentry","category-startseite"],"_links":{"self":[{"href":"https:\/\/www.fuldaernachrichten.de\/index.php?rest_route=\/wp\/v2\/posts\/155211","targetHints":{"allow":["GET"]}}],"collection":[{"href":"https:\/\/www.fuldaernachrichten.de\/index.php?rest_route=\/wp\/v2\/posts"}],"about":[{"href":"https:\/\/www.fuldaernachrichten.de\/index.php?rest_route=\/wp\/v2\/types\/post"}],"author":[{"embeddable":true,"href":"https:\/\/www.fuldaernachrichten.de\/index.php?rest_route=\/wp\/v2\/users\/1"}],"replies":[{"embeddable":true,"href":"https:\/\/www.fuldaernachrichten.de\/index.php?rest_route=%2Fwp%2Fv2%2Fcomments&post=155211"}],"version-history":[{"count":1,"href":"https:\/\/www.fuldaernachrichten.de\/index.php?rest_route=\/wp\/v2\/posts\/155211\/revisions"}],"predecessor-version":[{"id":155226,"href":"https:\/\/www.fuldaernachrichten.de\/index.php?rest_route=\/wp\/v2\/posts\/155211\/revisions\/155226"}],"wp:featuredmedia":[{"embeddable":true,"href":"https:\/\/www.fuldaernachrichten.de\/index.php?rest_route=\/wp\/v2\/media\/155222"}],"wp:attachment":[{"href":"https:\/\/www.fuldaernachrichten.de\/index.php?rest_route=%2Fwp%2Fv2%2Fmedia&parent=155211"}],"wp:term":[{"taxonomy":"category","embeddable":true,"href":"https:\/\/www.fuldaernachrichten.de\/index.php?rest_route=%2Fwp%2Fv2%2Fcategories&post=155211"},{"taxonomy":"post_tag","embeddable":true,"href":"https:\/\/www.fuldaernachrichten.de\/index.php?rest_route=%2Fwp%2Fv2%2Ftags&post=155211"}],"curies":[{"name":"wp","href":"https:\/\/api.w.org\/{rel}","templated":true}]}}