{"id":15521,"date":"2008-12-03T07:55:41","date_gmt":"2008-12-03T06:55:41","guid":{"rendered":"http:\/\/www.schoene-nachrichten.de\/?p=15521"},"modified":"2008-12-03T08:12:07","modified_gmt":"2008-12-03T07:12:07","slug":"kindermalaktion-in-den-raeumen-von-leder-meid","status":"publish","type":"post","link":"https:\/\/www.fuldaernachrichten.de\/?p=15521","title":{"rendered":"Kindermalaktion in den R\u00e4umen von \u201eLeder Meid\u201c"},"content":{"rendered":"<p><strong>Fulda.<\/strong> Kinder einer Kindertagesst\u00e4tte des Magistrats der Stadt Fulda gestalteten im Rahmen von Umbau- und Renovierungsarbeiten im Fuldaer Lederwarengesch\u00e4ft &#8220;Leder Meid&#8221; die zuk\u00fcnftige Ranzen- und Schulabteilung. Gemeinsam mit zwei Erzieherinnen bemalten sie dort in bunten Farben eine Wand. Taschen und Koffer, die der Vorstellung der Kinder entsprachen, wurden fantasievoll auf eine gro\u00dfe Fl\u00e4che gepinselt. Die Kinder und Erzieherinnen, aber auch das Personal des Gesch\u00e4ftes hatten dabei sehr viel Spa\u00df. Anschlie\u00dfend wurden die Kinder mit kleinen Leckereien und fruchtigen Getr\u00e4nken verw\u00f6hnt. Sie werden diesen Tag mit Sicherheit in guter Erinnerung behalten.<br \/>\n<strong><br \/>\nFotos (3):<\/strong> Magistrat der Stadt Fulda<\/p>\n<p><a rel=\"lightbox[roadtrip]\" href=\"http:\/\/www.schoene-nachrichten.de\/wp-content\/uploads\/2008\/12\/081202-malen-1.jpg\" target=\"_blank\"><img decoding=\"async\" class=\"alignnone size-thumbnail wp-image-15522\" title=\"081202-malen-1\" src=\"http:\/\/www.schoene-nachrichten.de\/wp-content\/uploads\/2008\/12\/081202-malen-1-128x85.jpg\" alt=\"\" width=\"128\" height=\"85\" srcset=\"https:\/\/www.fuldaernachrichten.de\/wp-content\/uploads\/2008\/12\/081202-malen-1-128x85.jpg 128w, https:\/\/www.fuldaernachrichten.de\/wp-content\/uploads\/2008\/12\/081202-malen-1.jpg 600w\" sizes=\"(max-width: 128px) 100vw, 128px\" \/><\/a> <a rel=\"lightbox[roadtrip]\" href=\"http:\/\/www.schoene-nachrichten.de\/wp-content\/uploads\/2008\/12\/081202-malen-2.jpg\" target=\"_blank\"><img decoding=\"async\" class=\"alignnone size-thumbnail wp-image-15523\" title=\"081202-malen-2\" src=\"http:\/\/www.schoene-nachrichten.de\/wp-content\/uploads\/2008\/12\/081202-malen-2-128x85.jpg\" alt=\"\" width=\"128\" height=\"85\" srcset=\"https:\/\/www.fuldaernachrichten.de\/wp-content\/uploads\/2008\/12\/081202-malen-2-128x85.jpg 128w, https:\/\/www.fuldaernachrichten.de\/wp-content\/uploads\/2008\/12\/081202-malen-2.jpg 600w\" sizes=\"(max-width: 128px) 100vw, 128px\" \/><\/a> <a rel=\"lightbox[roadtrip]\" href=\"http:\/\/www.schoene-nachrichten.de\/wp-content\/uploads\/2008\/12\/081202-malen-3.jpg\" target=\"_blank\"><img decoding=\"async\" class=\"alignnone size-thumbnail wp-image-15524\" title=\"081202-malen-3\" src=\"http:\/\/www.schoene-nachrichten.de\/wp-content\/uploads\/2008\/12\/081202-malen-3-128x85.jpg\" alt=\"\" width=\"128\" height=\"85\" srcset=\"https:\/\/www.fuldaernachrichten.de\/wp-content\/uploads\/2008\/12\/081202-malen-3-128x85.jpg 128w, https:\/\/www.fuldaernachrichten.de\/wp-content\/uploads\/2008\/12\/081202-malen-3.jpg 600w\" sizes=\"(max-width: 128px) 100vw, 128px\" \/><\/a><\/p>\n<p><a rel=\"lightbox[roadtrip]\" href=\"http:\/\/www.schoene-nachrichten.de\/wp-content\/uploads\/2008\/12\/081202-malen-5.jpg\" target=\"_blank\"><br \/>\n<\/a><\/p>\n","protected":false},"excerpt":{"rendered":"<div class=\"tmnf_excerpt\"><p>Fulda. Kinder einer Kindertagesst\u00e4tte des Magistrats der Stadt Fulda gestalteten im Rahmen von Umbau- und Renovierungsarbeiten im Fuldaer Lederwarengesch\u00e4ft &#8220;Leder Meid&#8221; die zuk\u00fcnftige Ranzen- und Schulabteilung. Gemeinsam mit zwei Erzieherinnen bemalten sie dort in bunten Farben eine Wand. Taschen und Koffer, die der Vorstellung der Kinder entsprachen, wurden fantasievoll auf eine gro\u00dfe Fl\u00e4che gepinselt. Die &hellip;<\/p>\n<\/div>","protected":false},"author":1,"featured_media":0,"comment_status":"closed","ping_status":"closed","sticky":false,"template":"","format":"standard","meta":{"footnotes":""},"categories":[1,72],"tags":[],"class_list":["post-15521","post","type-post","status-publish","format-standard","hentry","category-startseite","category-jugend"],"_links":{"self":[{"href":"https:\/\/www.fuldaernachrichten.de\/index.php?rest_route=\/wp\/v2\/posts\/15521","targetHints":{"allow":["GET"]}}],"collection":[{"href":"https:\/\/www.fuldaernachrichten.de\/index.php?rest_route=\/wp\/v2\/posts"}],"about":[{"href":"https:\/\/www.fuldaernachrichten.de\/index.php?rest_route=\/wp\/v2\/types\/post"}],"author":[{"embeddable":true,"href":"https:\/\/www.fuldaernachrichten.de\/index.php?rest_route=\/wp\/v2\/users\/1"}],"replies":[{"embeddable":true,"href":"https:\/\/www.fuldaernachrichten.de\/index.php?rest_route=%2Fwp%2Fv2%2Fcomments&post=15521"}],"version-history":[{"count":3,"href":"https:\/\/www.fuldaernachrichten.de\/index.php?rest_route=\/wp\/v2\/posts\/15521\/revisions"}],"predecessor-version":[{"id":15563,"href":"https:\/\/www.fuldaernachrichten.de\/index.php?rest_route=\/wp\/v2\/posts\/15521\/revisions\/15563"}],"wp:attachment":[{"href":"https:\/\/www.fuldaernachrichten.de\/index.php?rest_route=%2Fwp%2Fv2%2Fmedia&parent=15521"}],"wp:term":[{"taxonomy":"category","embeddable":true,"href":"https:\/\/www.fuldaernachrichten.de\/index.php?rest_route=%2Fwp%2Fv2%2Fcategories&post=15521"},{"taxonomy":"post_tag","embeddable":true,"href":"https:\/\/www.fuldaernachrichten.de\/index.php?rest_route=%2Fwp%2Fv2%2Ftags&post=15521"}],"curies":[{"name":"wp","href":"https:\/\/api.w.org\/{rel}","templated":true}]}}