{"id":155209,"date":"2016-09-18T07:21:41","date_gmt":"2016-09-18T05:21:41","guid":{"rendered":"http:\/\/www.fuldaer-nachrichten.de\/?p=155209"},"modified":"2016-09-18T07:26:41","modified_gmt":"2016-09-18T05:26:41","slug":"die-arbeitsgruppe-faires-fulda-der-lokalen-agenda-21-in-fulda-laedt-am-montag-19-september-um-19-uhr-zu-dem-vortrag-fair-reisen-wie-mache-ich-umweltbewussten-ur","status":"publish","type":"post","link":"https:\/\/www.fuldaernachrichten.de\/?p=155209","title":{"rendered":"Ausbildungsstart in der Wehner Groma"},"content":{"rendered":"<p>Wer gerne mit Lebensmitteln umgeht, wer kontaktfreudig ist und vielf\u00e4ltige Aufgabenbereiche kennenlernen m\u00f6chte, der ist hier genau richtig. Das jedenfalls haben sich die acht jungen Menschen gedacht, die jetzt in ihre Ausbildung im Lebensmittelgro\u00dfhandel starten. An den drei Standorten in Fulda, Bad Neustadt und Schweinfurt werden sie zu Gro\u00df- &amp; Au\u00dfenhandelskaufleuten, Fachinformatikern, Fachlageristen und Einzelhandelskaufleuten ausgebildet.<\/p>\n<p>Die Wehner Groma bildet bereits seit mehr als 40 Jahren aus \u2013 und garantiert eine \u00dcbernahmequote von nahezu 100 Prozent. Mit einem modernen Ausbildungskonzept, das den aktuellen Anforderungen auf dem Arbeitsmarkt stets angepasst wird, werden die Auszubildenden durch ihre meist dreij\u00e4hrige Lehrzeit gef\u00fchrt. W\u00e4hrend in den vergangenen Jahren nur im Gro\u00df- und Au\u00dfenhandel ausgebildet wurde, beinhaltet das Ausbildungsportfolio mittlerweile auch den Einzelhandel, Verkauf, Fachlager und Lagerlogistik. Die Jugendlichen durchlaufen in ihrer Ausbildungszeit alle Bereiche des Unternehmens. Vom Frischebereich \u00fcber die IT-Abteilung bis hin zur Buchhaltung werden so Flexibilit\u00e4t und umfangreiches Fachwissen vermittelt. Dar\u00fcber hinaus stehen vielf\u00e4ltige Weiterbildungsangebote wie etwa Betriebsbesuche und Lebensmittel-Workshops auf dem Plan.<\/p>\n<p>BU: Startschuss f\u00fcr die Azubis Marc Leuschner, Marcel N\u00f6th, Sebastian Schulz, David Hauck, Patrick Sauerwein und Fabian Can Zanin (von links) mit Oliver Wehner und Hermann Schneider von der Gesch\u00e4ftsf\u00fchrung sowie Ausbildungsleiter J\u00f6rg Heszler (von links).<\/p>\n","protected":false},"excerpt":{"rendered":"<div class=\"tmnf_excerpt\"><p>Wer gerne mit Lebensmitteln umgeht, wer kontaktfreudig ist und vielf\u00e4ltige Aufgabenbereiche kennenlernen m\u00f6chte, der ist hier genau richtig. Das jedenfalls haben sich die acht jungen Menschen gedacht, die jetzt in ihre Ausbildung im Lebensmittelgro\u00dfhandel starten. An den drei Standorten in Fulda, Bad Neustadt und Schweinfurt werden sie zu Gro\u00df- &amp; Au\u00dfenhandelskaufleuten, Fachinformatikern, Fachlageristen und Einzelhandelskaufleuten &hellip;<\/p>\n<\/div>","protected":false},"author":1,"featured_media":155220,"comment_status":"closed","ping_status":"closed","sticky":false,"template":"","format":"standard","meta":{"footnotes":""},"categories":[1],"tags":[],"class_list":["post-155209","post","type-post","status-publish","format-standard","has-post-thumbnail","hentry","category-startseite"],"_links":{"self":[{"href":"https:\/\/www.fuldaernachrichten.de\/index.php?rest_route=\/wp\/v2\/posts\/155209","targetHints":{"allow":["GET"]}}],"collection":[{"href":"https:\/\/www.fuldaernachrichten.de\/index.php?rest_route=\/wp\/v2\/posts"}],"about":[{"href":"https:\/\/www.fuldaernachrichten.de\/index.php?rest_route=\/wp\/v2\/types\/post"}],"author":[{"embeddable":true,"href":"https:\/\/www.fuldaernachrichten.de\/index.php?rest_route=\/wp\/v2\/users\/1"}],"replies":[{"embeddable":true,"href":"https:\/\/www.fuldaernachrichten.de\/index.php?rest_route=%2Fwp%2Fv2%2Fcomments&post=155209"}],"version-history":[{"count":2,"href":"https:\/\/www.fuldaernachrichten.de\/index.php?rest_route=\/wp\/v2\/posts\/155209\/revisions"}],"predecessor-version":[{"id":155243,"href":"https:\/\/www.fuldaernachrichten.de\/index.php?rest_route=\/wp\/v2\/posts\/155209\/revisions\/155243"}],"wp:featuredmedia":[{"embeddable":true,"href":"https:\/\/www.fuldaernachrichten.de\/index.php?rest_route=\/wp\/v2\/media\/155220"}],"wp:attachment":[{"href":"https:\/\/www.fuldaernachrichten.de\/index.php?rest_route=%2Fwp%2Fv2%2Fmedia&parent=155209"}],"wp:term":[{"taxonomy":"category","embeddable":true,"href":"https:\/\/www.fuldaernachrichten.de\/index.php?rest_route=%2Fwp%2Fv2%2Fcategories&post=155209"},{"taxonomy":"post_tag","embeddable":true,"href":"https:\/\/www.fuldaernachrichten.de\/index.php?rest_route=%2Fwp%2Fv2%2Ftags&post=155209"}],"curies":[{"name":"wp","href":"https:\/\/api.w.org\/{rel}","templated":true}]}}