{"id":155202,"date":"2016-09-18T07:17:40","date_gmt":"2016-09-18T05:17:40","guid":{"rendered":"http:\/\/www.fuldaer-nachrichten.de\/?p=155202"},"modified":"2016-09-18T07:17:40","modified_gmt":"2016-09-18T05:17:40","slug":"4-hessischer-tag-der-nachhaltigkeit-ein-ganzes-bundesland-aktiv-im-zeichen-der-nachhaltigkeit","status":"publish","type":"post","link":"https:\/\/www.fuldaernachrichten.de\/?p=155202","title":{"rendered":"4. Hessischer Tag der Nachhaltigkeit: Ein ganzes Bundesland aktiv im Zeichen der Nachhaltigkeit"},"content":{"rendered":"<p>Was hei\u00dft eigentlich Nachhaltigkeit? Was hat Biologische Vielfalt mit unserem Leben zu tun? Und wie kann jede und jeder Einzelne durch sein Verhalten im Alltag zum Schutz der Biologischen Vielfalt beitragen? Der 4. Hessische Tag der Nachhaltigkeit am 22. September beantwortet diese und weitere Fragen mit mehreren hundert Aktionen von engagierten B\u00fcrgerinnen und B\u00fcrgern, Unternehmen, Schulen, Kinderg\u00e4rten, Kommunen, Vereinen, wissenschaftlichen Einrichtungen und der Verwaltung im ganzen Bundesland. Mitglieder der Landesregierung sind auf Nachhaltigkeitstour, um sich ein Bild der vielf\u00e4ltigen Veranstaltungen und vom Engagement der Akteure zu machen.<\/p>\n<p>Das Erkunden des Lebensraums der Wildkatze im Krofdorfer Forst mit dem BUND Kreisverband Gie\u00dfen, ein \u201eRepair Caf\u00e9\u201c on Tour in Wiesbaden, das gemeinsam mit Fl\u00fcchtlingen Alltagsgegenst\u00e4nde repariert, das Herstellen von Apfelsaft mit den Sch\u00fclerinnen und Sch\u00fclern der Grundschule Lohra, die Er\u00f6ffnung des interaktiven Energiewegs S\u00f6hre im Windpark S\u00f6hrewald und die naturkundliche Exkursion zum Nationalen Naturerbe \u201eWeinberg Wetzlar\u201c mit der NABU-Stiftung Hessisches Naturerbe: Nachhaltigkeit hat viele Gesichter und das machen diese und die weiteren mehreren hundert Aktionen am 22. September auf anschauliche Weise deutlich. \u201eDas enorme Engagement und die kreativen Ideen der zahlreichen Akteure in Hessen beeindrucken mich immer wieder. Auch diesmal \u2013 beim mittlerweile 4. Hessischen Tag der Nachhaltigkeit \u2013 k\u00f6nnen wir allen Besucherinnen und Besuchern einen interessanten, vielf\u00e4ltigen und \u00fcberraschenden Aktionstag versprechen. Gemeinsam mit den Veranstalterinnen und Veranstaltern lade ich Sie deshalb herzlich ein: Kommen Sie bei mindestens einer der Aktionen in Ihrer Region vorbei! Lassen Sie sich inspirieren und zu eigenem Engagement f\u00fcr eine lebenswerte Zukunft anregen. Wir freuen uns auf Sie!\u201c, sagt die hessische Umweltministerin Priska Hinz kurz vor dem 4. Hessischen Tag der Nachhaltigkeit.<\/p>\n<p>Umweltministerin Hinz sowie weitere Mitglieder der Landesregierung werden am 22. September in Hessen unterwegs sein, um sich ein Bild von den vielf\u00e4ltigen Aktionen und vom Engagement der Akteure zu machen. Wir laden Sie herzlich zu den Terminen ein:<\/p>\n<p>Termine Umweltministerin Priska Hinz<br \/>\n10.30 \u2013 11.15 Uhr Herborn<br \/>\nDiesterwegschule Herborn: Schmeckt nicht \u2013 gibt`s nicht!<br \/>\nKinder aus den Jahrgangsstufen 1 \u2013 4 entdecken die Vielfalt eines selbst hergestellten Men\u00fcs mit Lebensmitteln aus der heimischen Region.<\/p>\n<p>11.45 \u2013 12.30 Uhr Wetzlar<br \/>\nLeica Mikrosystems und Freiherr-vom-Stein-Schule: Spurensuche in der Dill<br \/>\nInitiiert von der IHK Wetzlar untersuchen Mitarbeiter von Leica Mikrosystems mit Sch\u00fclern der 6b der Freiherr von Stein Schule die biologische Gew\u00e4sserg\u00fcte anhand von Bioindikatioren der Dill.<\/p>\n<p>13.00 \u2013 15.00 Uhr Wetzlar<br \/>\nStadt Wetzlar und Hessisches Umweltministerium: Nachhaltigkeitsempfang der Stadt Wetzlar und der Nachhaltigkeitsstrategie Hessen<br \/>\nAnl\u00e4sslich des 4. Hessischen Tags der Nachhaltigkeit findet am 22. September 2016 in der Naturschutz-Akademie Hessen in Wetzlar der gemeinsame Nachhaltigkeitsempfang der Stadt Wetzlar und der Nachhaltigkeitsstrategie Hessen statt.<\/p>\n<p>Termine Staatssekret\u00e4rin Dr. Beatrix Tappeser<br \/>\n09.00 \u2013 10.00 Uhr Geisenheim<br \/>\nHessische Gartenakademie Geisenheim: Kinder entdecken den Weg vom Apfel zum Saft<\/p>\n<p>11.00 \u2013 12.00 Uhr Frankfurt<br \/>\nUmweltlernen Frankfurt: Auszeichnung Schuljahr der Nachhaltigkeit<\/p>\n<p>12.15 \u2013 12.40 Uhr Frankfurt<br \/>\n\u00d6kumenischer Familienmarkt: Tag der offenen T\u00fcr im Familienmarkt<\/p>\n<p>13.00 \u2013 14.00 Uhr Frankfurt<br \/>\nNassauische Heimst\u00e4tte: So geht Elektromobilit\u00e4t<\/p>\n<p>14.30 \u2013 15.45 Uhr Hattersheim am Main<br \/>\nStadt Hattersheim am Main: Gemeinsam g\u00e4rtnern, gemeinsam kochen<\/p>\n<p>Termin Kultusminister Prof. Dr. R. Alexander Lorz<br \/>\n09.00 \u2013 10.30 Uhr Mainz-Kostheim<br \/>\nAlbert-Schweitzer-Schule: Frisch vom Baum<\/p>\n<p>Termin Staatssekret\u00e4rin Dr. Bernadette Weyland<br \/>\n11.00 \u2013 15.00 Uhr Stockstadt am Rhein<br \/>\nSchatzinsel K\u00fchkopf: Artenreicher Lebensraum und Dienstleister f\u00fcr Hochwasserschutz, Wasserfilterung und CO2-Speicherung<\/p>\n<p>Alle Veranstaltungen des 4. Hessischen Tags der Nachhaltigkeit finden Sie im Aktivit\u00e4tenkompass unter www.tag-der-nachhaltigkeit.de<\/p>\n<p>Hintergrund: 4. Hessischer Tag der Nachhaltigkeit \u2013 eine Aktion der Nachhaltigkeitsstrategie Hessen<\/p>\n<p>Der 4. Hessische Tag der Nachhaltigkeit ist eine Initiative der Nachhaltigkeitsstrategie Hessen. Der Gedanke dahinter: Nur wer wei\u00df, was Nachhaltigkeit konkret bedeutet, kann auch selbst aktiv werden. Der Tag l\u00e4sst daher mit vielen Aktionen und Veranstaltungen Nachhaltigkeit lebendig werden.<\/p>\n<p>Die Nachhaltigkeitsstrategie Hessen hat zum Ziel, Politik, Verwaltung, Wirtschaft und Gesellschaft gleicherma\u00dfen einzubinden, um das Leben in Hessen heute und in Zukunft \u00f6kologisch vertr\u00e4glich, sozial gerecht und wirtschaftlich leistungsf\u00e4hig zu gestalten. Seit 2008 engagieren sich Politik, Wirtschaft, Wissenschaft und Gesellschaft gemeinsam unter dem Dach der Nachhaltigkeitsstrategie Hessen. Der diesj\u00e4hrige Tag der Nachhaltigkeit stellt das Thema Biologische Vielfalt ins Zentrum: Der Schutz und die F\u00f6rderung der Biologischen Vielfalt sind zentrale Herausforderungen unserer Zeit. Nur durch gemeinsames und breites Engagement auf allen Ebenen unserer Gesellschaft kann eine lebenswerte Natur gesch\u00fctzt und erhalten werden.<br \/>\nDie im Rahmen der Veranstaltung entstehenden Emissionen werden \u00fcber atmosfair ausgeglichen.<\/p>\n","protected":false},"excerpt":{"rendered":"<div class=\"tmnf_excerpt\"><p>Was hei\u00dft eigentlich Nachhaltigkeit? Was hat Biologische Vielfalt mit unserem Leben zu tun? Und wie kann jede und jeder Einzelne durch sein Verhalten im Alltag zum Schutz der Biologischen Vielfalt beitragen? Der 4. Hessische Tag der Nachhaltigkeit am 22. September beantwortet diese und weitere Fragen mit mehreren hundert Aktionen von engagierten B\u00fcrgerinnen und B\u00fcrgern, Unternehmen, &hellip;<\/p>\n<\/div>","protected":false},"author":1,"featured_media":0,"comment_status":"closed","ping_status":"closed","sticky":false,"template":"","format":"standard","meta":{"footnotes":""},"categories":[1],"tags":[],"class_list":["post-155202","post","type-post","status-publish","format-standard","hentry","category-startseite"],"_links":{"self":[{"href":"https:\/\/www.fuldaernachrichten.de\/index.php?rest_route=\/wp\/v2\/posts\/155202","targetHints":{"allow":["GET"]}}],"collection":[{"href":"https:\/\/www.fuldaernachrichten.de\/index.php?rest_route=\/wp\/v2\/posts"}],"about":[{"href":"https:\/\/www.fuldaernachrichten.de\/index.php?rest_route=\/wp\/v2\/types\/post"}],"author":[{"embeddable":true,"href":"https:\/\/www.fuldaernachrichten.de\/index.php?rest_route=\/wp\/v2\/users\/1"}],"replies":[{"embeddable":true,"href":"https:\/\/www.fuldaernachrichten.de\/index.php?rest_route=%2Fwp%2Fv2%2Fcomments&post=155202"}],"version-history":[{"count":1,"href":"https:\/\/www.fuldaernachrichten.de\/index.php?rest_route=\/wp\/v2\/posts\/155202\/revisions"}],"predecessor-version":[{"id":155210,"href":"https:\/\/www.fuldaernachrichten.de\/index.php?rest_route=\/wp\/v2\/posts\/155202\/revisions\/155210"}],"wp:attachment":[{"href":"https:\/\/www.fuldaernachrichten.de\/index.php?rest_route=%2Fwp%2Fv2%2Fmedia&parent=155202"}],"wp:term":[{"taxonomy":"category","embeddable":true,"href":"https:\/\/www.fuldaernachrichten.de\/index.php?rest_route=%2Fwp%2Fv2%2Fcategories&post=155202"},{"taxonomy":"post_tag","embeddable":true,"href":"https:\/\/www.fuldaernachrichten.de\/index.php?rest_route=%2Fwp%2Fv2%2Ftags&post=155202"}],"curies":[{"name":"wp","href":"https:\/\/api.w.org\/{rel}","templated":true}]}}