{"id":155199,"date":"2016-09-18T07:20:42","date_gmt":"2016-09-18T05:20:42","guid":{"rendered":"http:\/\/www.fuldaer-nachrichten.de\/?p=155199"},"modified":"2016-09-18T07:20:42","modified_gmt":"2016-09-18T05:20:42","slug":"kolpinghaus-sparkasse-fulda-feiert-dienstjubilare-und-verabschiedet-langjaehrige-mitarbeiter","status":"publish","type":"post","link":"https:\/\/www.fuldaernachrichten.de\/?p=155199","title":{"rendered":"Kolpinghaus: Sparkasse Fulda feiert Dienstjubilare und verabschiedet langj\u00e4hrige Mitarbeiter"},"content":{"rendered":"<p>F\u00fcr 39 Mitarbeiterinnen und Mitarbeiter der Sparkasse Fulda hat das Jahr 2016 eine besondere Bedeutung. Seit 40 Jahren beziehungsweise 25 Jahren geh\u00f6ren sie in Kundengesch\u00e4ft, Stabsabteilungen oder Marktfolge\u00c2\u00a0 zur Betriebsmannschaft. Das feierte die Sparkasse mit einem sch\u00f6nen Zusammensein im Kolpinghaus Fulda. Au\u00dferdem verabschiedete sie acht Mitarbeiterinnen und Mitarbeiter in den Ruhestand oder in die Freizeitphase der Altersteilzeit.<\/p>\n<p>Dem Anlass entsprechend schwelgte so manches Tischgespr\u00e4ch in Erinnerungen an die Anf\u00e4nge der Berufslaufbahn. Trotzdem warb Vorstandsvorsitzender Alois Fr\u00fcchtl auch bei den Jubilaren darum, die Sparkasse bei allen notwendigen Ver\u00e4nderungen genauso tatkr\u00e4ftig und engagiert zu unterst\u00fctzen wie bisher. Gerade die \u00e4lteren Kolleginnen und Kollegen, so der Sparkassen-Chef, h\u00e4tten dabei eine wichtige Funktion. Mit ihrer ganzen Erfahrung und Menschenkenntnis k\u00f6nnten sie den erforderlichen Wandel kunden- und praxisorientiert in den Sparkassenalltag einbetten.<\/p>\n<p>In seinen Dank schloss Fr\u00fcchtl ausdr\u00fccklich die ebenfalls eingeladenen Partnerinnen und Partner der Dienstjubilare ein. Gute Mitarbeiterinnen und Mitarbeiter br\u00e4uchten schlie\u00dflich beides: ein motivierendes Arbeitsumfeld und ein motivierendes pers\u00f6nliches Umfeld.<\/p>\n<p>Zusammen mit seinen Vorstandskollegen Uwe Marohn und Horst Habermehl sowie mit dem stellvertretenden Personalratsvorsitzenden Mark Hannig und Personalleiter Heiko Siemon ehrte Alois Fr\u00fcchtl folgende Mitarbeiterinnen und Mitarbeiter:<\/p>\n<p>40\u2013j\u00e4hriges Dienstjubil\u00e4um<\/p>\n<p>Karin Hartung (Zahlungsverkehr), Cornelia Gilbert (Filiale Hilders), Sylvia Schwartz (Filiale Petersberger Str. 57)<\/p>\n<p>25-j\u00e4hriges Dienstjubil\u00e4um<\/p>\n<p>Stefanie Beutel, Arno Leister, Carsten M\u00f6ller (alle Firmenkundencenter), Henry Lesser, Tanja Reinhard (beide Verm\u00f6gensanlagecenter), Markus Damerau (Immobiliencenter), Toni Bock (Filiale Eiterfeld), Stephanie Dimmerling (Filiale Gro\u00dfenl\u00fcder), Katja Hahling, Nicole Kircher (beide Filiale Rabanusstra\u00dfe), Michaela Hahner (Filiale Gro\u00dfentaft\/Ufhausen), Melek \u00d6lmez (Filiale Dr.-Dietz-Stra\u00dfe), Katja Stumpf (Filiale Gersfeld), Susanne Will (Filiale Buttermarkt), Katharina Krieg, Daniela Rothe, Corina Vey (alle Kundenservicecenter), Pia Bagus, Karsten Beckmann, Nadine Hildebrandt, Michael Kimpel, Kerstin Lahann, Martina Link, Marion Matthaei, Seniz Tireng (alle Marktfolge Kredit), Corinna Aschenbr\u00fccker, Tatjana Fladung, Margarita Grammel, Kerstin Hasenau, Ingo Rippert, Kathrin Sauer (alle Marktservice), Tanja G\u00f6b (Zahlungsverkehr), Tanja Sorg-F\u00f6ller (Personalabteilung), Thorsten Stumpf (Betriebs-Organisation), Carmen Bohl und Anja Vorndran.<\/p>\n<p>In den Ruhestand oder in die Freizeitphase der Altersteilzeit verabschiedete die Sparkasse:<br \/>\nKlaus Altmann, Helmut Benasch, Otto Hasenau, Norbert J\u00f6kel, Manfred Peh, Manfred Reinhard, Winfried Roth, J\u00fcrgen Wenzel.<\/p>\n","protected":false},"excerpt":{"rendered":"<div class=\"tmnf_excerpt\"><p>F\u00fcr 39 Mitarbeiterinnen und Mitarbeiter der Sparkasse Fulda hat das Jahr 2016 eine besondere Bedeutung. Seit 40 Jahren beziehungsweise 25 Jahren geh\u00f6ren sie in Kundengesch\u00e4ft, Stabsabteilungen oder Marktfolge\u00c2\u00a0 zur Betriebsmannschaft. Das feierte die Sparkasse mit einem sch\u00f6nen Zusammensein im Kolpinghaus Fulda. Au\u00dferdem verabschiedete sie acht Mitarbeiterinnen und Mitarbeiter in den Ruhestand oder in die Freizeitphase &hellip;<\/p>\n<\/div>","protected":false},"author":1,"featured_media":155208,"comment_status":"closed","ping_status":"closed","sticky":false,"template":"","format":"standard","meta":{"footnotes":""},"categories":[1],"tags":[],"class_list":["post-155199","post","type-post","status-publish","format-standard","has-post-thumbnail","hentry","category-startseite"],"_links":{"self":[{"href":"https:\/\/www.fuldaernachrichten.de\/index.php?rest_route=\/wp\/v2\/posts\/155199","targetHints":{"allow":["GET"]}}],"collection":[{"href":"https:\/\/www.fuldaernachrichten.de\/index.php?rest_route=\/wp\/v2\/posts"}],"about":[{"href":"https:\/\/www.fuldaernachrichten.de\/index.php?rest_route=\/wp\/v2\/types\/post"}],"author":[{"embeddable":true,"href":"https:\/\/www.fuldaernachrichten.de\/index.php?rest_route=\/wp\/v2\/users\/1"}],"replies":[{"embeddable":true,"href":"https:\/\/www.fuldaernachrichten.de\/index.php?rest_route=%2Fwp%2Fv2%2Fcomments&post=155199"}],"version-history":[{"count":1,"href":"https:\/\/www.fuldaernachrichten.de\/index.php?rest_route=\/wp\/v2\/posts\/155199\/revisions"}],"predecessor-version":[{"id":155219,"href":"https:\/\/www.fuldaernachrichten.de\/index.php?rest_route=\/wp\/v2\/posts\/155199\/revisions\/155219"}],"wp:featuredmedia":[{"embeddable":true,"href":"https:\/\/www.fuldaernachrichten.de\/index.php?rest_route=\/wp\/v2\/media\/155208"}],"wp:attachment":[{"href":"https:\/\/www.fuldaernachrichten.de\/index.php?rest_route=%2Fwp%2Fv2%2Fmedia&parent=155199"}],"wp:term":[{"taxonomy":"category","embeddable":true,"href":"https:\/\/www.fuldaernachrichten.de\/index.php?rest_route=%2Fwp%2Fv2%2Fcategories&post=155199"},{"taxonomy":"post_tag","embeddable":true,"href":"https:\/\/www.fuldaernachrichten.de\/index.php?rest_route=%2Fwp%2Fv2%2Ftags&post=155199"}],"curies":[{"name":"wp","href":"https:\/\/api.w.org\/{rel}","templated":true}]}}