{"id":155189,"date":"2016-09-18T07:19:34","date_gmt":"2016-09-18T05:19:34","guid":{"rendered":"http:\/\/www.fuldaer-nachrichten.de\/?p=155189"},"modified":"2016-09-18T07:19:34","modified_gmt":"2016-09-18T05:19:34","slug":"das-12-kreis-jugendparlament-ist-im-amt","status":"publish","type":"post","link":"https:\/\/www.fuldaernachrichten.de\/?p=155189","title":{"rendered":"Das 12. Kreis-Jugendparlament ist im Amt"},"content":{"rendered":"<p><a href=\"http:\/\/www.fuldaer-nachrichten.de\/wp-content\/uploads\/2016\/09\/KuhlPitzer_altesKJP_EKB.jpg\"><img decoding=\"async\" class=\"alignleft size-thumbnail wp-image-155214\" src=\"http:\/\/www.fuldaer-nachrichten.de\/wp-content\/uploads\/2016\/09\/KuhlPitzer_altesKJP_EKB-265x176.jpg\" alt=\"kuhlpitzer_alteskjp_ekb\" width=\"265\" height=\"176\" srcset=\"https:\/\/www.fuldaernachrichten.de\/wp-content\/uploads\/2016\/09\/KuhlPitzer_altesKJP_EKB-265x176.jpg 265w, https:\/\/www.fuldaernachrichten.de\/wp-content\/uploads\/2016\/09\/KuhlPitzer_altesKJP_EKB-768x509.jpg 768w, https:\/\/www.fuldaernachrichten.de\/wp-content\/uploads\/2016\/09\/KuhlPitzer_altesKJP_EKB-600x398.jpg 600w, https:\/\/www.fuldaernachrichten.de\/wp-content\/uploads\/2016\/09\/KuhlPitzer_altesKJP_EKB.jpg 900w\" sizes=\"(max-width: 265px) 100vw, 265px\" \/><\/a> Das 12. Kreis-Jugendparlament hat sich konstituiert: Rund 6.000 Kinder und Jugendliche waren zur Wahl aufgerufen, und mit einer Wahlbeteiligung von knapp 78 Prozent wurden die 25 neuen Abgeordneten gew\u00e4hlt. Erster Kreisbeigeordneter Dr. Jens Mischak dankte den Mitgliedern des 11. Parlaments f\u00fcr ihre Arbeit und ermutigte sie, auch nach dem Ende ihrer KJP-Zugeh\u00f6rigkeit \u201ekritisch und politisch interessiert\u201c zu bleiben. Den \u201eNeuen\u201c w\u00fcnschte er f\u00fcr die kommenden zwei Jahren, dass sie \u201edort ankn\u00fcpfen aber auch eigene Spuren hinterlassen\u201c.<\/p>\n<p>Zuvor hatte Jann-Louis Hau, der scheidende erste Vorsitzende, klare Worte gefunden: \u201eDie Arbeit im KJP hat mir f\u00fcr meine pers\u00f6nliche Entwicklung sehr viel gebracht.\u201c Und an die Neuen gewandt: \u201eIch w\u00fcnsche euch allen ganz viel Spa\u00df und hoffe, ihr engagiert euch \u2013 gerade in dieser Zeit, wo gewisse Parteien uns und unsere Demokratie spalten wollen.\u201c<\/p>\n<p>Im Rechenschaftsbericht des 11. KJP berichteten Jaqueline M\u00fcller und Robert Schmidt \u00fcber die Seminare, Aktivit\u00e4ten und Parlamentssitzungen der vergangenen zwei Jahre: Beispiele behandelter Themen waren die j\u00e4hrlichen Gedenkfeiern zur Pogromnacht im November, Spendenaktionen zugunsten von \u201eLa Strada\u201c in Alsfeld und des Tierheims Lauterbach, Aktionen gegen Rechtsextremismus, der Besuch des Hessischen Landtages, Gespr\u00e4che mit Kommunalpolitikern bei sogenannten \u201ePolitiker-Caf\u00e9s\u201c und die Mitarbeit im Projekt \u201eDemokratie leben\u201c.<\/p>\n<p><a href=\"http:\/\/www.fuldaer-nachrichten.de\/wp-content\/uploads\/2016\/09\/neuerVorstand.jpg\"><img decoding=\"async\" class=\"alignleft size-thumbnail wp-image-155215\" src=\"http:\/\/www.fuldaer-nachrichten.de\/wp-content\/uploads\/2016\/09\/neuerVorstand-265x175.jpg\" alt=\"neuervorstand\" width=\"265\" height=\"175\" srcset=\"https:\/\/www.fuldaernachrichten.de\/wp-content\/uploads\/2016\/09\/neuerVorstand-265x175.jpg 265w, https:\/\/www.fuldaernachrichten.de\/wp-content\/uploads\/2016\/09\/neuerVorstand-768x507.jpg 768w, https:\/\/www.fuldaernachrichten.de\/wp-content\/uploads\/2016\/09\/neuerVorstand-600x396.jpg 600w, https:\/\/www.fuldaernachrichten.de\/wp-content\/uploads\/2016\/09\/neuerVorstand.jpg 900w\" sizes=\"(max-width: 265px) 100vw, 265px\" \/><\/a>Jugenddezernent Dr. Mischak \u00fcberreichte allen Ausscheidenden eine Urkunde des Landkreises und hob im Beisein von Kreistagsvorsitzendem Dr. Hans Heuser sowie mehrerer B\u00fcrgermeister das Engagement des 11. hervor: \u201eVorherrschende Themen waren Flucht, Asyl und Vertreibung, und ich danke herzlich daf\u00fcr, dass ihr euch dieser Themen angenommen habt.\u201c Au\u00dferdem hob er hervor, dass das Vogelsberger KJP im vergangenen Jahr aus 32 Bewerbern ausgew\u00e4hlt und mit dem zweiten Platz des Hessischen Partizipationspreises ausgezeichnet worden war. Sein Dank galt auch der guten Betreuung des KJP durch das Jugendamt, insbesondere durch Angelina Kuhl und Ellen Pitzer durch ihre engagierte Unterst\u00fctzung. Er \u00fcberreichte allen \u201eNeuen\u201c ein Politik-Lexikon als Begr\u00fc\u00dfungsgeschenk des Kreises.<\/p>\n<p>Kreistagsvorsitzender Dr. Hans Heuser wies abschlie\u00dfend auf die Chancen der Mitwirkung hin und forderte die jungen Abgeordneten auf, von ihrem Antragsrecht im Kreistag Gebrauch zu machen \u2013 \u201evielleicht nicht in jeder Sitzung\u201c, schr\u00e4nkte er ein, aber doch immer dann, wenn es sinnvoll sei und das Anliegen in den politischen Aufgabenbereich des Vogelsbergkreises falle.<\/p>\n<p>Die KJP-Abgeordneten<br \/>\nStadt Alsfeld: Anna-Lena Buhl, Karina Tschuljukow, Paul Neusel<br \/>\nGemeinde Antrifttal: Sebastian Simon<br \/>\nGemeinde Feldatal: Lucy Bernhard<br \/>\nGemeinde Freiensteinau: Amelie Karl<br \/>\nGemeinde Gem\u00fcnden: Anna Mariella Nuhn<br \/>\nGemeinde Grebenhain: Benedikt Imhof<br \/>\nStadt Herbstein: Stefan Staubach<br \/>\nStadt Homberg: Max Yuma Kube<br \/>\nStadt Kirtorf: Benjamin Strowitzki<br \/>\nStadt Lauterbach: Christoph Apel, Leonie Hergert, David Porcello<br \/>\nGemeinde Lautertal: Dominik Riepel<br \/>\nGemeinde M\u00fccke: Hazeem Ahmed Bhatti, Chiara Sophie K\u00f6rb\u00e4cher<br \/>\nStadt Romrod: Maria Bastian<br \/>\nStadt Schlitz: Thomas Schmidt, Lea M\u00f6ller<br \/>\nStadt Schotten: Kader Demirboga, Jonas Hauptvogel<br \/>\nGemeinde Schwalmtal: Marie Helene Decker<br \/>\nStadt Ulrichstein: Stefanie Appel<br \/>\nGemeinde Wartenberg: Anina Wohnig<\/p>\n<p>Der Vorstand<br \/>\nErster Vorsitzender: Thomas Schmidt (Schlitz), gew\u00e4hlt mit 11 Stimmen bei 2 Kandidaten<br \/>\nZweite Vorsitzende: Leonie Hergert (Lauterbach), gew\u00e4hlt mit 9 Stimmen bei 3 Kandidaten<br \/>\nDritte Vorsitzende: Anina Wohnig (Wartenberg), gew\u00e4hlt mit 8 Stimmen bei 8 Kandidaten<br \/>\nProtokollant: Hazeem Ahmed Bhatti (M\u00fccke), gew\u00e4hlt mit 11 Stimmen bei 3 Kandidaten<br \/>\nPressesprecherin: Lea M\u00f6ller (Schlitz), gew\u00e4hlt mit 6 Stimmen bei 7 Kandidaten<\/p>\n<p>Mitarbeit in Gremien<br \/>\nAbgeordnete des KJP arbeiten auch in einigen Gremien mit. Gew\u00e4hlt wurden folgende Vertreter f\u00fcr die einzelnen Gremien:<br \/>\nAnina Wohnig (Demografieprojekt MORO und Fahrgastbeirat), Dominik Riepl (Vogelsberg Consult GmbH),\u00c2\u00a0 Leonie Hergert (Begleitausschuss \u201eDemokratie leben\u201c), Jugendfond \u201eDemokratie leben\u201c: Maria Bastian, Thomas Schmidt und Leonie Hergert; Vertreter sind Amelie Karl, Benedikt Imhof und Kader Demirboga.<\/p>\n","protected":false},"excerpt":{"rendered":"<div class=\"tmnf_excerpt\"><p>Das 12. Kreis-Jugendparlament hat sich konstituiert: Rund 6.000 Kinder und Jugendliche waren zur Wahl aufgerufen, und mit einer Wahlbeteiligung von knapp 78 Prozent wurden die 25 neuen Abgeordneten gew\u00e4hlt. Erster Kreisbeigeordneter Dr. Jens Mischak dankte den Mitgliedern des 11. Parlaments f\u00fcr ihre Arbeit und ermutigte sie, auch nach dem Ende ihrer KJP-Zugeh\u00f6rigkeit \u201ekritisch und politisch &hellip;<\/p>\n<\/div>","protected":false},"author":1,"featured_media":155213,"comment_status":"closed","ping_status":"closed","sticky":false,"template":"","format":"standard","meta":{"footnotes":""},"categories":[1],"tags":[],"class_list":["post-155189","post","type-post","status-publish","format-standard","has-post-thumbnail","hentry","category-startseite"],"_links":{"self":[{"href":"https:\/\/www.fuldaernachrichten.de\/index.php?rest_route=\/wp\/v2\/posts\/155189","targetHints":{"allow":["GET"]}}],"collection":[{"href":"https:\/\/www.fuldaernachrichten.de\/index.php?rest_route=\/wp\/v2\/posts"}],"about":[{"href":"https:\/\/www.fuldaernachrichten.de\/index.php?rest_route=\/wp\/v2\/types\/post"}],"author":[{"embeddable":true,"href":"https:\/\/www.fuldaernachrichten.de\/index.php?rest_route=\/wp\/v2\/users\/1"}],"replies":[{"embeddable":true,"href":"https:\/\/www.fuldaernachrichten.de\/index.php?rest_route=%2Fwp%2Fv2%2Fcomments&post=155189"}],"version-history":[{"count":1,"href":"https:\/\/www.fuldaernachrichten.de\/index.php?rest_route=\/wp\/v2\/posts\/155189\/revisions"}],"predecessor-version":[{"id":155216,"href":"https:\/\/www.fuldaernachrichten.de\/index.php?rest_route=\/wp\/v2\/posts\/155189\/revisions\/155216"}],"wp:featuredmedia":[{"embeddable":true,"href":"https:\/\/www.fuldaernachrichten.de\/index.php?rest_route=\/wp\/v2\/media\/155213"}],"wp:attachment":[{"href":"https:\/\/www.fuldaernachrichten.de\/index.php?rest_route=%2Fwp%2Fv2%2Fmedia&parent=155189"}],"wp:term":[{"taxonomy":"category","embeddable":true,"href":"https:\/\/www.fuldaernachrichten.de\/index.php?rest_route=%2Fwp%2Fv2%2Fcategories&post=155189"},{"taxonomy":"post_tag","embeddable":true,"href":"https:\/\/www.fuldaernachrichten.de\/index.php?rest_route=%2Fwp%2Fv2%2Ftags&post=155189"}],"curies":[{"name":"wp","href":"https:\/\/api.w.org\/{rel}","templated":true}]}}