{"id":155184,"date":"2016-09-18T07:13:06","date_gmt":"2016-09-18T05:13:06","guid":{"rendered":"http:\/\/www.fuldaer-nachrichten.de\/?p=155184"},"modified":"2016-09-18T07:13:06","modified_gmt":"2016-09-18T05:13:06","slug":"erster-kreisbeigeordneter-ruft-zur-teilnahme-am-36-wettbewerb-unser-dorf-hat-zukunft-auf","status":"publish","type":"post","link":"https:\/\/www.fuldaernachrichten.de\/?p=155184","title":{"rendered":"Erster Kreisbeigeordneter ruft zur Teilnahme am 36. Wettbewerb \u201eUnser Dorf hat Zukunft\u201c auf"},"content":{"rendered":"<p>Erster Kreisbeigeordneter Dr. Mischak: B\u00fcrgerschaftliches Engagement ist der Motor f\u00fcr die Zukunftsgestaltung in unseren D\u00f6rfern<\/p>\n<p>Wirtschaftsdezernent Dr. Jens Mischak ruft alle B\u00fcrgerinnen und B\u00fcrger in den D\u00f6rfern des Vogelsbergkreises auf, am 36. Wettbewerb \u201eUnser Dorf hat Zukunft\u201c teilzunehmen. \u201eDieser Wettbewerb leistet einen wesentlichen Beitrag dazu, den Blick f\u00fcr zuk\u00fcnftige Herausforderungen zu sch\u00e4rfen. Au\u00dferdem wird dadurch das durch ehrenamtliches Engagement getragene Leben im Dorf herausgestellt und gew\u00fcrdigt.\u201c Alle Generationen sollten in die \u00dcberlegungen und Vorbereitungen einbezogen werden, so Dr. Mischak weiter. Durch gemeinsame Aktivit\u00e4ten k\u00f6nnten neue Impulse f\u00fcr eine attraktive Zukunftsentwicklung in unseren D\u00f6rfern gesetzt werden.<\/p>\n<p>Im Rahmen des Wettbewerbes geht es um Antworten auf wichtige Zukunftsfragen:<br \/>\nWelche St\u00e4rken und einzigartige Qualit\u00e4ten haben wir im Dorf? Vor welchen Herausforderungen und konkreten Aufgaben stehen wir? Was haben wir bisher erreicht? Welche L\u00f6sungsans\u00e4tze f\u00fcr die Gestaltung einer lebenswerten Zukunft in unserem Dorf gibt es?<\/p>\n<p>Die Erfahrung der vergangenen Jahre zeigt, dass allein schon die Teilnahme am Wettbewerb einen Mehrwert bringt: Gemeinsam wird diskutiert, werden Projektideen vorangebracht und eigenst\u00e4ndig umgesetzt. Tr\u00e4ger des Wettbewerbes ist das Hessische Ministerium f\u00fcr Umwelt, Klimaschutz, Landwirtschaft und Verbraucherschutz. St\u00e4dte und Gemeinden sollen ihre Teilnehmerorte bis zum 31. Januar 2017 anmelden, von Juni bis September erfolgt im Regionalentscheid die Bewertung.<\/p>\n<p>Zust\u00e4ndig f\u00fcr die Beratung vor Ort und die Durchf\u00fchrung des Wettbewerbes ist das Amt f\u00fcr Wirtschaft und den l\u00e4ndlichen Raum: Frau Kock-Wagner (06641 977-3520) und Herr Sebald (-3522) stehen als Ansprechpartner zur Verf\u00fcgung.<\/p>\n","protected":false},"excerpt":{"rendered":"<div class=\"tmnf_excerpt\"><p>Erster Kreisbeigeordneter Dr. Mischak: B\u00fcrgerschaftliches Engagement ist der Motor f\u00fcr die Zukunftsgestaltung in unseren D\u00f6rfern Wirtschaftsdezernent Dr. Jens Mischak ruft alle B\u00fcrgerinnen und B\u00fcrger in den D\u00f6rfern des Vogelsbergkreises auf, am 36. Wettbewerb \u201eUnser Dorf hat Zukunft\u201c teilzunehmen. \u201eDieser Wettbewerb leistet einen wesentlichen Beitrag dazu, den Blick f\u00fcr zuk\u00fcnftige Herausforderungen zu sch\u00e4rfen. Au\u00dferdem wird dadurch &hellip;<\/p>\n<\/div>","protected":false},"author":1,"featured_media":155194,"comment_status":"closed","ping_status":"closed","sticky":false,"template":"","format":"standard","meta":{"footnotes":""},"categories":[1],"tags":[],"class_list":["post-155184","post","type-post","status-publish","format-standard","has-post-thumbnail","hentry","category-startseite"],"_links":{"self":[{"href":"https:\/\/www.fuldaernachrichten.de\/index.php?rest_route=\/wp\/v2\/posts\/155184","targetHints":{"allow":["GET"]}}],"collection":[{"href":"https:\/\/www.fuldaernachrichten.de\/index.php?rest_route=\/wp\/v2\/posts"}],"about":[{"href":"https:\/\/www.fuldaernachrichten.de\/index.php?rest_route=\/wp\/v2\/types\/post"}],"author":[{"embeddable":true,"href":"https:\/\/www.fuldaernachrichten.de\/index.php?rest_route=\/wp\/v2\/users\/1"}],"replies":[{"embeddable":true,"href":"https:\/\/www.fuldaernachrichten.de\/index.php?rest_route=%2Fwp%2Fv2%2Fcomments&post=155184"}],"version-history":[{"count":1,"href":"https:\/\/www.fuldaernachrichten.de\/index.php?rest_route=\/wp\/v2\/posts\/155184\/revisions"}],"predecessor-version":[{"id":155195,"href":"https:\/\/www.fuldaernachrichten.de\/index.php?rest_route=\/wp\/v2\/posts\/155184\/revisions\/155195"}],"wp:featuredmedia":[{"embeddable":true,"href":"https:\/\/www.fuldaernachrichten.de\/index.php?rest_route=\/wp\/v2\/media\/155194"}],"wp:attachment":[{"href":"https:\/\/www.fuldaernachrichten.de\/index.php?rest_route=%2Fwp%2Fv2%2Fmedia&parent=155184"}],"wp:term":[{"taxonomy":"category","embeddable":true,"href":"https:\/\/www.fuldaernachrichten.de\/index.php?rest_route=%2Fwp%2Fv2%2Fcategories&post=155184"},{"taxonomy":"post_tag","embeddable":true,"href":"https:\/\/www.fuldaernachrichten.de\/index.php?rest_route=%2Fwp%2Fv2%2Ftags&post=155184"}],"curies":[{"name":"wp","href":"https:\/\/api.w.org\/{rel}","templated":true}]}}