{"id":155170,"date":"2016-09-16T11:37:02","date_gmt":"2016-09-16T09:37:02","guid":{"rendered":"http:\/\/www.fuldaer-nachrichten.de\/?p=155170"},"modified":"2016-09-16T11:37:02","modified_gmt":"2016-09-16T09:37:02","slug":"kartoffelernte-dalbergschule-tegut-saisongarten","status":"publish","type":"post","link":"https:\/\/www.fuldaernachrichten.de\/?p=155170","title":{"rendered":"Kartoffelernte Dalbergschule\/ tegut&#8230;Saisongarten"},"content":{"rendered":"<p>Die Sch\u00fclerinnen und Sch\u00fcler der Adolf-von-Dalberg-Grundschule Fulda ernten ihre Kartoffeln<br \/>\nDer Rotaryclub Fulda (RC- Fulda, Pr\u00e4sidentin Dr. Marianne Riethm\u00fcller) und tegut&#8230; Saisongarten haben auch 2016 wieder gemeinsam mit der Adolf-von-Dalberg-Grundschule in Fulda ein Kartoffel-Projekt durchgef\u00fchrt, welches nun in die letzte Runde geht. Am Mittwoch, den 07.9.16 ernteten die Kinder einer vierten Klasse gemeinsam mit ihren Lehrern, dem RC-Fulda Projektbetreuer Manfred Kutter sowie der Projektleiterin des tegut&#8230;Saisongartens ihre im Fr\u00fchsommer im tegut&#8230; Saisongarten Fulda, Mackenrodtstra\u00dfe, gelegten Kartoffeln.<br \/>\nIm Mai hatte jedes Kind unter Anleitung zwei Kartoffel gelegt und die Pflanze mit Namen versehen. Auch Sonnenblumen wurden ges\u00e4t. Die Sch\u00fcler und Sch\u00fclerinnen statteten dem Garten im Juni noch einen Besuch ab, um das Wachstum der Kartoffelpflanzen und Sonnenblumen zu begutachten und rundherum den Boden zu hacken. Nach dem Kartoffelk\u00e4fer suchten sie vergeblich&#8230;<br \/>\nBeim jetzigen Besuch der Kinder konnte bereits geerntet werden. Mit Spaten und Grabgabeln gingen die Sch\u00fcler und Sch\u00fclerinnen ans Werk und buddelten &#8220;ihre&#8221; Kartoffeln aus. Die Freude war gro\u00df, denn obwohl die Kartoffelernte in diesem Jahr allgemein eher nicht so gut ausfiel waren sie vom Ergebnis beeindruckt. Auch einige dicke Regenw\u00fcrmer f\u00f6rderten sie dabei zutage und bestaunten sie ausgiebig. Jedes Kind erhielt noch eine der gerade bl\u00fchenden Sonnenblumen f\u00fcr zu Hause.<\/p>\n<p>Projektbetreuer Manfred Kutter vom RC- Fulda findet das Projekt gro\u00dfe Klasse: &#8220;Das Projekt macht riesigen Spa\u00df und hat einen enormen p\u00e4dagogischen Erfolg. Durch die Verquickung von Theorie und Praxis ist ein langfristiger Lernerfolg gegeben. Elementarste Kenntnisse werden vermittelt. Wenn man bedenkt, dass einige Kinder vor dem Projekt keinen Regenwurm kannten und noch nie Hautkontakt mit Ackerboden hatten.&#8221;<br \/>\nDie Kartoffeln lagern nun im Morgensternhaus der W-E-G in Fulda und werden Ende September bei einem gemeinsamen Kartoffelfest in der Schulmensa zu verschiedenen Gerichten verarbeitet. Dazu eingeladen werden dann auch Eltern und Geschwister der Sch\u00fclerinnen und Sch\u00fcler, sowie der RC- Fulda.<\/p>\n","protected":false},"excerpt":{"rendered":"<div class=\"tmnf_excerpt\"><p>Die Sch\u00fclerinnen und Sch\u00fcler der Adolf-von-Dalberg-Grundschule Fulda ernten ihre Kartoffeln Der Rotaryclub Fulda (RC- Fulda, Pr\u00e4sidentin Dr. Marianne Riethm\u00fcller) und tegut&#8230; Saisongarten haben auch 2016 wieder gemeinsam mit der Adolf-von-Dalberg-Grundschule in Fulda ein Kartoffel-Projekt durchgef\u00fchrt, welches nun in die letzte Runde geht. Am Mittwoch, den 07.9.16 ernteten die Kinder einer vierten Klasse gemeinsam mit ihren &hellip;<\/p>\n<\/div>","protected":false},"author":1,"featured_media":155171,"comment_status":"closed","ping_status":"closed","sticky":false,"template":"","format":"standard","meta":{"footnotes":""},"categories":[1],"tags":[],"class_list":["post-155170","post","type-post","status-publish","format-standard","has-post-thumbnail","hentry","category-startseite"],"_links":{"self":[{"href":"https:\/\/www.fuldaernachrichten.de\/index.php?rest_route=\/wp\/v2\/posts\/155170","targetHints":{"allow":["GET"]}}],"collection":[{"href":"https:\/\/www.fuldaernachrichten.de\/index.php?rest_route=\/wp\/v2\/posts"}],"about":[{"href":"https:\/\/www.fuldaernachrichten.de\/index.php?rest_route=\/wp\/v2\/types\/post"}],"author":[{"embeddable":true,"href":"https:\/\/www.fuldaernachrichten.de\/index.php?rest_route=\/wp\/v2\/users\/1"}],"replies":[{"embeddable":true,"href":"https:\/\/www.fuldaernachrichten.de\/index.php?rest_route=%2Fwp%2Fv2%2Fcomments&post=155170"}],"version-history":[{"count":1,"href":"https:\/\/www.fuldaernachrichten.de\/index.php?rest_route=\/wp\/v2\/posts\/155170\/revisions"}],"predecessor-version":[{"id":155174,"href":"https:\/\/www.fuldaernachrichten.de\/index.php?rest_route=\/wp\/v2\/posts\/155170\/revisions\/155174"}],"wp:featuredmedia":[{"embeddable":true,"href":"https:\/\/www.fuldaernachrichten.de\/index.php?rest_route=\/wp\/v2\/media\/155171"}],"wp:attachment":[{"href":"https:\/\/www.fuldaernachrichten.de\/index.php?rest_route=%2Fwp%2Fv2%2Fmedia&parent=155170"}],"wp:term":[{"taxonomy":"category","embeddable":true,"href":"https:\/\/www.fuldaernachrichten.de\/index.php?rest_route=%2Fwp%2Fv2%2Fcategories&post=155170"},{"taxonomy":"post_tag","embeddable":true,"href":"https:\/\/www.fuldaernachrichten.de\/index.php?rest_route=%2Fwp%2Fv2%2Ftags&post=155170"}],"curies":[{"name":"wp","href":"https:\/\/api.w.org\/{rel}","templated":true}]}}