{"id":155163,"date":"2016-09-16T11:35:08","date_gmt":"2016-09-16T09:35:08","guid":{"rendered":"http:\/\/www.fuldaer-nachrichten.de\/?p=155163"},"modified":"2016-09-16T11:35:08","modified_gmt":"2016-09-16T09:35:08","slug":"marktplatz-ausbildung-die-messe-rund-um-ausbildung-und-beruf","status":"publish","type":"post","link":"https:\/\/www.fuldaernachrichten.de\/?p=155163","title":{"rendered":"Marktplatz Ausbildung: Die Messe rund um Ausbildung und Beruf"},"content":{"rendered":"<p>Am Donnerstag, den 22. September 2016, ist es wieder so weit: Die allj\u00e4hrliche Ausbildungsmesse &#8220;Marktplatz Ausbildung&#8221; in der Hessenhalle Alsfeld \u00f6ffnet von 8:00 bis 16:00 Uhr die T\u00fcren. 84 Unternehmen der Region werden sich pr\u00e4sentieren, die Besucher k\u00f6nnen sich \u00fcber 200 verschiedene Ausbildungsberufe und zahlreiche Duale Studieng\u00e4nge informieren. Hinzu kommt ein attraktives Rahmenprogramm mit Kurzvortr\u00e4gen, das vom Kommunalen Jobcenter KVA auf die Beine gestellt wurde.<\/p>\n<p>Das Organisationsteam rund um Ren\u00e9 Lippert und Dirk Gringel freut sich \u00fcber das informative Messeprogramm, das von der Berufswahlvorbereitung \u00fcber die Ausbildung bis zur Aufstiegsfortbildung reicht. Ausbildungssuchende haben die Gelegenheit, vor Ort direkt mit Ausbildern und Auszubildenden zu sprechen und sich \u00fcber die Unternehmen zu informieren. Ein besonderer Schwerpunkt ist der Berufsbereich Pflege: Am Gemeinschaftsstand der Heim- und Pflegedienstbetreiber werden nicht nur die beruflichen M\u00f6glichkeiten erl\u00e4utert oder Fragen beantwortet, es werden auch kleine Einblicke in die Praxis gew\u00e4hrt. Dadurch erhofft sich der Pflegebereich einige Hemmschwellen abzubauen und Ber\u00fchrungs\u00e4ngste zu nehmen.<\/p>\n<p>In drei &#8220;Bodytalk&#8221;-Kurzvortr\u00e4gen wird \u00fcber die Bedeutung von K\u00f6rpersprache insbesondere bei Bewerbungsgespr\u00e4chen referiert. Hinzu kommen drei Vortr\u00e4ge \u00fcber &#8220;Business-Knigge&#8221;. Gutes Benehmen ist im Berufsleben entscheidend: Verhaltensweisen, die im privaten Umfeld v\u00f6llig in Ordnung sind, k\u00f6nnen im beruflichen Kontext unangebracht sein. Business-Knigge-Regeln, die jeder kennen sollte, der im Job einen professionellen Eindruck hinterlassen will&#8230;<\/p>\n<p>Das KAFF-Mobil der Jugendf\u00f6rderung\/Jugendbildung wird ebenfalls wieder vertreten sein mit Erlebnisp\u00e4dagogik, Trendsportarten und Musikinstrumenten. Am &#8220;Info-Point Berufsbilder&#8221; warten mehr als 400 Filme \u00fcber Ausbildungs- und Studienberufe. Auf BERUFE.TV (Filmportal der Bundesagentur f\u00fcr Arbeit) stehen Filme rund um die Themen Arbeit, Beruf, Aus- und Weiterbildung zum Ansehen bereit &#8211; \u00fcbrigens auch als kostenfreie BERUFE.TV Apps f\u00fcr Smartphones und Tablets mit Apple- oder mit Android Betriebssystemen.<\/p>\n<p>Selbstverst\u00e4ndlich sind alle Angebote der Ausbildungsmesse kostenlos. Ein Messebesuch ist auf jeden Fall lohnenswert f\u00fcr alle Jugendlichen, die sich \u00fcber die Berufsm\u00f6glichkeiten in der Region informieren m\u00f6chten. Das KVA-Team und alle Aussteller freuen sich bereits auf viele interessierte Besucherinnen und Besucher, gute Gespr\u00e4che und erfolgreich gekn\u00fcpfte Kontakte.<\/p>\n","protected":false},"excerpt":{"rendered":"<div class=\"tmnf_excerpt\"><p>Am Donnerstag, den 22. September 2016, ist es wieder so weit: Die allj\u00e4hrliche Ausbildungsmesse &#8220;Marktplatz Ausbildung&#8221; in der Hessenhalle Alsfeld \u00f6ffnet von 8:00 bis 16:00 Uhr die T\u00fcren. 84 Unternehmen der Region werden sich pr\u00e4sentieren, die Besucher k\u00f6nnen sich \u00fcber 200 verschiedene Ausbildungsberufe und zahlreiche Duale Studieng\u00e4nge informieren. Hinzu kommt ein attraktives Rahmenprogramm mit Kurzvortr\u00e4gen, &hellip;<\/p>\n<\/div>","protected":false},"author":1,"featured_media":0,"comment_status":"closed","ping_status":"closed","sticky":false,"template":"","format":"standard","meta":{"footnotes":""},"categories":[1],"tags":[],"class_list":["post-155163","post","type-post","status-publish","format-standard","hentry","category-startseite"],"_links":{"self":[{"href":"https:\/\/www.fuldaernachrichten.de\/index.php?rest_route=\/wp\/v2\/posts\/155163","targetHints":{"allow":["GET"]}}],"collection":[{"href":"https:\/\/www.fuldaernachrichten.de\/index.php?rest_route=\/wp\/v2\/posts"}],"about":[{"href":"https:\/\/www.fuldaernachrichten.de\/index.php?rest_route=\/wp\/v2\/types\/post"}],"author":[{"embeddable":true,"href":"https:\/\/www.fuldaernachrichten.de\/index.php?rest_route=\/wp\/v2\/users\/1"}],"replies":[{"embeddable":true,"href":"https:\/\/www.fuldaernachrichten.de\/index.php?rest_route=%2Fwp%2Fv2%2Fcomments&post=155163"}],"version-history":[{"count":1,"href":"https:\/\/www.fuldaernachrichten.de\/index.php?rest_route=\/wp\/v2\/posts\/155163\/revisions"}],"predecessor-version":[{"id":155169,"href":"https:\/\/www.fuldaernachrichten.de\/index.php?rest_route=\/wp\/v2\/posts\/155163\/revisions\/155169"}],"wp:attachment":[{"href":"https:\/\/www.fuldaernachrichten.de\/index.php?rest_route=%2Fwp%2Fv2%2Fmedia&parent=155163"}],"wp:term":[{"taxonomy":"category","embeddable":true,"href":"https:\/\/www.fuldaernachrichten.de\/index.php?rest_route=%2Fwp%2Fv2%2Fcategories&post=155163"},{"taxonomy":"post_tag","embeddable":true,"href":"https:\/\/www.fuldaernachrichten.de\/index.php?rest_route=%2Fwp%2Fv2%2Ftags&post=155163"}],"curies":[{"name":"wp","href":"https:\/\/api.w.org\/{rel}","templated":true}]}}