{"id":155161,"date":"2016-09-16T11:33:23","date_gmt":"2016-09-16T09:33:23","guid":{"rendered":"http:\/\/www.fuldaer-nachrichten.de\/?p=155161"},"modified":"2016-09-16T11:33:23","modified_gmt":"2016-09-16T09:33:23","slug":"stadt-unterstuetzt-sozialen-mietwohnungsbau-in-der-georg-antoni-strasse","status":"publish","type":"post","link":"https:\/\/www.fuldaernachrichten.de\/?p=155161","title":{"rendered":"Stadt unterst\u00fctzt sozialen Mietwohnungsbau  in der Georg-Antoni-Stra\u00dfe"},"content":{"rendered":"<p>Als erste Genossenschaft profitiert die Gemeinn\u00fctzige Wohnungsbaugenossenschaft (GWG) Fulda von dem neuen F\u00f6rderprogramm der Stadt Fulda zum sozialen Mietwohnungsbau: Oberb\u00fcrgermeister Dr. Heiko Wingenfeld \u00fcberreichte Martina Sauer und Peter Schramm vom Vorstand der GWG jetzt einen Zuschussbescheid f\u00fcr ein GWG-Projekt in der Georg-Antoni-Stra\u00dfe. Dort entstehen in den Hausnummern 32-36 zw\u00f6lf mietpreisgebundene Wohneinheiten. Die Einstiegsmiete betr\u00e4gt dabei h\u00f6chstens 5,40 Euro pro Quadratmeter. Mit den Sanierungs- und Umbauma\u00dfnahmen soll in K\u00fcrze begonnen werden.<\/p>\n<p>&nbsp;<\/p>\n<p>Mit dem in diesem Jahr angelaufenen F\u00f6rderprogramm der Stadt Fulda sollen nicht nur Neubauten, sondern auch Modernisierungen im Bestand nachhaltig unterst\u00fctzt werden. Der bislang leerstehende Geb\u00e4udekomplex aus den 1920er Jahren wird komplett umgebaut, zudem entstehen durch einen Ausbau des Dachgeschosses drei zus\u00e4tzliche Wohnungen. \u201eHier wird Wohnraum im Bestand geschaffen, ein Musterbeispiel f\u00fcr eine innerst\u00e4dtische Nachverdichtung\u201c, sagte OB Wingenfeld bei der \u00dcbergabe des F\u00f6rderbescheids. Eine solche Nachverdichtung sei im Zweifel der Schaffung von Neubaugebieten und dem damit verbundenen Fl\u00e4chenverbrauch vorzuziehen. Auch J\u00fcrgen Fehl, Leiter des Bauaufsichtsamts und der Wohnungsbauf\u00f6rderung der Stadt Fulda, nannte das Vorhaben einen m\u00f6glichen \u201eKatalysator f\u00fcr \u00e4hnliche Vorhaben\u201c in der Stadt. Und auch OB Wingenfeld sprach mit Blick auf das GWG-Projekt in der Georg-Antoni-Stra\u00dfe von einer besonderen Symbolkraft \u2013 schlie\u00dflich habe der fr\u00fchere Oberb\u00fcrgermeister Georg Antoni, nach dem die Stra\u00dfe benannt ist, in seiner langen Amtszeit (1894-1930) gerade den gemeinn\u00fctzigen Wohnungsbau in Fulda initiiert und vorangetrieben.<\/p>\n<p>&nbsp;<\/p>\n<p>Gem\u00e4\u00df der F\u00f6rderrichtlinie der Stadt wird das Projekt mit 20.000 Euro pro Wohneinheit gef\u00f6rdert, das Land Hessen stellt zudem ein zinsg\u00fcnstiges Darlehen und einen Zuschuss zur Verf\u00fcgung. Aus dem F\u00f6rderprogramm wurde bereits ein privates Sozialwohnungsbauprojekt in Rodges gef\u00f6rdert, weitere Vorhaben sind in der Bearbeitung.<\/p>\n<p><strong>\u00c2\u00a0<\/strong><\/p>\n","protected":false},"excerpt":{"rendered":"<div class=\"tmnf_excerpt\"><p>Als erste Genossenschaft profitiert die Gemeinn\u00fctzige Wohnungsbaugenossenschaft (GWG) Fulda von dem neuen F\u00f6rderprogramm der Stadt Fulda zum sozialen Mietwohnungsbau: Oberb\u00fcrgermeister Dr. Heiko Wingenfeld \u00fcberreichte Martina Sauer und Peter Schramm vom Vorstand der GWG jetzt einen Zuschussbescheid f\u00fcr ein GWG-Projekt in der Georg-Antoni-Stra\u00dfe. Dort entstehen in den Hausnummern 32-36 zw\u00f6lf mietpreisgebundene Wohneinheiten. Die Einstiegsmiete betr\u00e4gt dabei &hellip;<\/p>\n<\/div>","protected":false},"author":1,"featured_media":155166,"comment_status":"closed","ping_status":"closed","sticky":false,"template":"","format":"standard","meta":{"footnotes":""},"categories":[1],"tags":[],"class_list":["post-155161","post","type-post","status-publish","format-standard","has-post-thumbnail","hentry","category-startseite"],"_links":{"self":[{"href":"https:\/\/www.fuldaernachrichten.de\/index.php?rest_route=\/wp\/v2\/posts\/155161","targetHints":{"allow":["GET"]}}],"collection":[{"href":"https:\/\/www.fuldaernachrichten.de\/index.php?rest_route=\/wp\/v2\/posts"}],"about":[{"href":"https:\/\/www.fuldaernachrichten.de\/index.php?rest_route=\/wp\/v2\/types\/post"}],"author":[{"embeddable":true,"href":"https:\/\/www.fuldaernachrichten.de\/index.php?rest_route=\/wp\/v2\/users\/1"}],"replies":[{"embeddable":true,"href":"https:\/\/www.fuldaernachrichten.de\/index.php?rest_route=%2Fwp%2Fv2%2Fcomments&post=155161"}],"version-history":[{"count":1,"href":"https:\/\/www.fuldaernachrichten.de\/index.php?rest_route=\/wp\/v2\/posts\/155161\/revisions"}],"predecessor-version":[{"id":155167,"href":"https:\/\/www.fuldaernachrichten.de\/index.php?rest_route=\/wp\/v2\/posts\/155161\/revisions\/155167"}],"wp:featuredmedia":[{"embeddable":true,"href":"https:\/\/www.fuldaernachrichten.de\/index.php?rest_route=\/wp\/v2\/media\/155166"}],"wp:attachment":[{"href":"https:\/\/www.fuldaernachrichten.de\/index.php?rest_route=%2Fwp%2Fv2%2Fmedia&parent=155161"}],"wp:term":[{"taxonomy":"category","embeddable":true,"href":"https:\/\/www.fuldaernachrichten.de\/index.php?rest_route=%2Fwp%2Fv2%2Fcategories&post=155161"},{"taxonomy":"post_tag","embeddable":true,"href":"https:\/\/www.fuldaernachrichten.de\/index.php?rest_route=%2Fwp%2Fv2%2Ftags&post=155161"}],"curies":[{"name":"wp","href":"https:\/\/api.w.org\/{rel}","templated":true}]}}