{"id":155144,"date":"2016-09-14T18:58:35","date_gmt":"2016-09-14T16:58:35","guid":{"rendered":"http:\/\/www.fuldaer-nachrichten.de\/?p=155144"},"modified":"2016-09-14T18:58:35","modified_gmt":"2016-09-14T16:58:35","slug":"die-schoensten-motive-aus-der-region-jetzt-als-postkarten-set-erhaeltlich","status":"publish","type":"post","link":"https:\/\/www.fuldaernachrichten.de\/?p=155144","title":{"rendered":"Die sch\u00f6nsten Motive aus der Region jetzt als Postkarten-Set erh\u00e4ltlich"},"content":{"rendered":"<p>Der vom Regionalforum Fulda S\u00fcdwest veranstaltete Fotowettbewerb \u201eZeig\u00e2\u20ac\u02dc her deine Heimat!\u201c hat im vergangenen Jahr viele tolle Einsendungen hervorgebracht. Leider konnten nicht alle Motive Einzug in den aktuellen Heimatkalender 2016 finden. \u201eDie Vielfalt und Sch\u00f6nheit der Region Fulda S\u00fcdwest, eingefangen in ausdrucksstarken Momentaufnahmen, sind aber einfach zu kostbar, um in einer Schublade zu enden\u201c, befand Regionalmanager Stefan Hesse. Daher haben die Organisatoren die Aktion \u201ePost aus der Heimat!\u201c ins Leben gerufen.<\/p>\n<p>Aus einer Auswahl der sch\u00f6nsten Motive konnten die B\u00fcrger der Region \u00fcber den Sommer ihre Favoriten w\u00e4hlen. Kombiniert mit einem Sinnspruch zum Thema &#8220;Heimat&#8221; standen insgesamt 15 Motive zur Wahl. Auf der Homepage des Regionalforums und \u00fcber Facebook konnte mitentschieden werden, aus welchen Motiven ein Postkarten-Set produziert werden sollte.<\/p>\n<p>Nun stehen sie fest, die TOP 6. Das Postkarten-Set mit den sechs beliebtesten Motiven ist ab sofort im Online-Shop unter www.rffs.de\/shop f\u00fcr 2,90 \u00e2\u201a\u00ac zzgl. Versandkosten erh\u00e4ltlich. Wer lieber telefonisch bestellen m\u00f6chte, kann dies in der Gesch\u00e4ftsstelle des Regionalforums unter Tel. 0661 2509908 tun. Eine gute Gelegenheit, mal wieder \u201ePost aus der Heimat!\u201c zu verschicken.<\/p>\n","protected":false},"excerpt":{"rendered":"<div class=\"tmnf_excerpt\"><p>Der vom Regionalforum Fulda S\u00fcdwest veranstaltete Fotowettbewerb \u201eZeig\u00e2\u20ac\u02dc her deine Heimat!\u201c hat im vergangenen Jahr viele tolle Einsendungen hervorgebracht. Leider konnten nicht alle Motive Einzug in den aktuellen Heimatkalender 2016 finden. \u201eDie Vielfalt und Sch\u00f6nheit der Region Fulda S\u00fcdwest, eingefangen in ausdrucksstarken Momentaufnahmen, sind aber einfach zu kostbar, um in einer Schublade zu enden\u201c, befand &hellip;<\/p>\n<\/div>","protected":false},"author":1,"featured_media":155150,"comment_status":"closed","ping_status":"closed","sticky":false,"template":"","format":"standard","meta":{"footnotes":""},"categories":[1],"tags":[],"class_list":["post-155144","post","type-post","status-publish","format-standard","has-post-thumbnail","hentry","category-startseite"],"_links":{"self":[{"href":"https:\/\/www.fuldaernachrichten.de\/index.php?rest_route=\/wp\/v2\/posts\/155144","targetHints":{"allow":["GET"]}}],"collection":[{"href":"https:\/\/www.fuldaernachrichten.de\/index.php?rest_route=\/wp\/v2\/posts"}],"about":[{"href":"https:\/\/www.fuldaernachrichten.de\/index.php?rest_route=\/wp\/v2\/types\/post"}],"author":[{"embeddable":true,"href":"https:\/\/www.fuldaernachrichten.de\/index.php?rest_route=\/wp\/v2\/users\/1"}],"replies":[{"embeddable":true,"href":"https:\/\/www.fuldaernachrichten.de\/index.php?rest_route=%2Fwp%2Fv2%2Fcomments&post=155144"}],"version-history":[{"count":1,"href":"https:\/\/www.fuldaernachrichten.de\/index.php?rest_route=\/wp\/v2\/posts\/155144\/revisions"}],"predecessor-version":[{"id":155151,"href":"https:\/\/www.fuldaernachrichten.de\/index.php?rest_route=\/wp\/v2\/posts\/155144\/revisions\/155151"}],"wp:featuredmedia":[{"embeddable":true,"href":"https:\/\/www.fuldaernachrichten.de\/index.php?rest_route=\/wp\/v2\/media\/155150"}],"wp:attachment":[{"href":"https:\/\/www.fuldaernachrichten.de\/index.php?rest_route=%2Fwp%2Fv2%2Fmedia&parent=155144"}],"wp:term":[{"taxonomy":"category","embeddable":true,"href":"https:\/\/www.fuldaernachrichten.de\/index.php?rest_route=%2Fwp%2Fv2%2Fcategories&post=155144"},{"taxonomy":"post_tag","embeddable":true,"href":"https:\/\/www.fuldaernachrichten.de\/index.php?rest_route=%2Fwp%2Fv2%2Ftags&post=155144"}],"curies":[{"name":"wp","href":"https:\/\/api.w.org\/{rel}","templated":true}]}}