{"id":155139,"date":"2016-09-14T18:57:18","date_gmt":"2016-09-14T16:57:18","guid":{"rendered":"http:\/\/www.fuldaer-nachrichten.de\/?p=155139"},"modified":"2016-09-14T18:57:18","modified_gmt":"2016-09-14T16:57:18","slug":"caritasverband-fuer-die-dioezese-fulda-legt-jahresbericht-2015-vor","status":"publish","type":"post","link":"https:\/\/www.fuldaernachrichten.de\/?p=155139","title":{"rendered":"Caritasverband f\u00fcr die Di\u00f6zese Fulda legt Jahresbericht 2015 vor"},"content":{"rendered":"<p>Viel Lesestoff beinhaltet der Jahresbericht 2015 des Caritasverbandes f\u00fcr die Di\u00f6zese Fulda, den Di\u00f6zesan-Caritasdirektor Dr. Markus Juch gemeinsam mit den beiden Vorstandsmitgliedern Malte Crome und Ansgar Erb sowie dem Caritas-Aufsichtsratsvorsitzenden Msgr. Elmar Gurk der \u00d6ffentlichkeit pr\u00e4sentierte. \u201eDer Jahresbericht ist aber keinesfalls einfach nur bedrucktes Papier\u201c, betonte Caritasdirektor Juch. \u201eMit dem Bericht legen wir gegen\u00fcber der \u00d6ffentlichkeit Rechenschaft ab \u00fcber die Hilfst\u00e4tigkeiten der Caritas und alle Angebote f\u00fcr bed\u00fcrftige Menschen der Region. Mit dem Jahresbericht machen wir unser Tun transparent und nachvollziehbar. Selbstverst\u00e4ndlich sind wir dabei auch offen f\u00fcr R\u00fcckfragen oder jede Form der Kritik.\u201c<\/p>\n<p>Den Umfang des Jahresberichtes mit 72 Seiten nannte Markus Juch angesichts des Spektrums der Caritas-Arbeitsfelder angemessen. \u201eIm Jahr 2015 hat sich uns ja als bedeutende neue Aufgabe die Bew\u00e4ltigung des massiven Fl\u00fcchtlingszustroms und der Aufbau einer sozialen Betreuung f\u00fcr diese Menschen gestellt. Dazu kann man in dem Jahresbericht nat\u00fcrlich einiges nachlesen. Aber auch die vielen Projekte in unseren anderen Arbeitsfeldern m\u00fcssen nat\u00fcrlich im Jahresbericht ihren Platz haben.\u201c<\/p>\n<p>Der Bericht, der auch statistische Angaben etwa zu den Zahlen der Mitarbeiter und zu den Finanzen sowie ein aktuelles Adresswerk der Einrichtungen und Dienste enth\u00e4lt, ist f\u00fcr Interessenten auf Anfrage kostenlos bei der Pressestelle des Verbandes erh\u00e4ltlich (E-Mail: oeffentlichkeitsarbeit@caritas-fulda.de). Als PDF-Dokument steht die Brosch\u00fcre zudem bei www.caritas-fulda.de online unter Aktuelles zum Download bereit.<\/p>\n","protected":false},"excerpt":{"rendered":"<div class=\"tmnf_excerpt\"><p>Viel Lesestoff beinhaltet der Jahresbericht 2015 des Caritasverbandes f\u00fcr die Di\u00f6zese Fulda, den Di\u00f6zesan-Caritasdirektor Dr. Markus Juch gemeinsam mit den beiden Vorstandsmitgliedern Malte Crome und Ansgar Erb sowie dem Caritas-Aufsichtsratsvorsitzenden Msgr. Elmar Gurk der \u00d6ffentlichkeit pr\u00e4sentierte. \u201eDer Jahresbericht ist aber keinesfalls einfach nur bedrucktes Papier\u201c, betonte Caritasdirektor Juch. \u201eMit dem Bericht legen wir gegen\u00fcber der &hellip;<\/p>\n<\/div>","protected":false},"author":1,"featured_media":155142,"comment_status":"closed","ping_status":"closed","sticky":false,"template":"","format":"standard","meta":{"footnotes":""},"categories":[1],"tags":[],"class_list":["post-155139","post","type-post","status-publish","format-standard","has-post-thumbnail","hentry","category-startseite"],"_links":{"self":[{"href":"https:\/\/www.fuldaernachrichten.de\/index.php?rest_route=\/wp\/v2\/posts\/155139","targetHints":{"allow":["GET"]}}],"collection":[{"href":"https:\/\/www.fuldaernachrichten.de\/index.php?rest_route=\/wp\/v2\/posts"}],"about":[{"href":"https:\/\/www.fuldaernachrichten.de\/index.php?rest_route=\/wp\/v2\/types\/post"}],"author":[{"embeddable":true,"href":"https:\/\/www.fuldaernachrichten.de\/index.php?rest_route=\/wp\/v2\/users\/1"}],"replies":[{"embeddable":true,"href":"https:\/\/www.fuldaernachrichten.de\/index.php?rest_route=%2Fwp%2Fv2%2Fcomments&post=155139"}],"version-history":[{"count":1,"href":"https:\/\/www.fuldaernachrichten.de\/index.php?rest_route=\/wp\/v2\/posts\/155139\/revisions"}],"predecessor-version":[{"id":155143,"href":"https:\/\/www.fuldaernachrichten.de\/index.php?rest_route=\/wp\/v2\/posts\/155139\/revisions\/155143"}],"wp:featuredmedia":[{"embeddable":true,"href":"https:\/\/www.fuldaernachrichten.de\/index.php?rest_route=\/wp\/v2\/media\/155142"}],"wp:attachment":[{"href":"https:\/\/www.fuldaernachrichten.de\/index.php?rest_route=%2Fwp%2Fv2%2Fmedia&parent=155139"}],"wp:term":[{"taxonomy":"category","embeddable":true,"href":"https:\/\/www.fuldaernachrichten.de\/index.php?rest_route=%2Fwp%2Fv2%2Fcategories&post=155139"},{"taxonomy":"post_tag","embeddable":true,"href":"https:\/\/www.fuldaernachrichten.de\/index.php?rest_route=%2Fwp%2Fv2%2Ftags&post=155139"}],"curies":[{"name":"wp","href":"https:\/\/api.w.org\/{rel}","templated":true}]}}